{"id":1800,"date":"2015-06-29T21:37:25","date_gmt":"2015-06-29T19:37:25","guid":{"rendered":"http:\/\/www.montendre.se\/?p=1800"},"modified":"2015-06-29T21:37:25","modified_gmt":"2015-06-29T19:37:25","slug":"29-juni-2015","status":"publish","type":"post","link":"https:\/\/www.montendre.se\/?p=1800","title":{"rendered":"29 juni 2015"},"content":{"rendered":"<p>Soligt och varmt, 28 grader i snitt p\u00e5 eftermiddagen.<\/p>\n<p>Oljat f\u00f6nstret med linolja.<\/p>\n<p><a href=\"http:\/\/www.montendre.se\/wp-content\/uploads\/2015\/06\/IMG_3511.jpg\"><img loading=\"lazy\" decoding=\"async\" class=\"aligncenter size-medium wp-image-1802\" src=\"http:\/\/www.montendre.se\/wp-content\/uploads\/2015\/06\/IMG_3511-225x300.jpg\" alt=\"IMG_3511\" width=\"225\" height=\"300\" srcset=\"https:\/\/www.montendre.se\/wp-content\/uploads\/2015\/06\/IMG_3511-225x300.jpg 225w, https:\/\/www.montendre.se\/wp-content\/uploads\/2015\/06\/IMG_3511.jpg 480w\" sizes=\"(max-width: 225px) 100vw, 225px\" \/><\/a><\/p>\n<p>Rensat under kastanjen och lite bj\u00f6rnb\u00e4rssn\u00e5r vid nordv\u00e4stra tomtgr\u00e4nsen. F\u00f6re:<\/p>\n<p><a href=\"http:\/\/www.montendre.se\/wp-content\/uploads\/2015\/06\/IMG_3513.jpg\"><img loading=\"lazy\" decoding=\"async\" class=\"aligncenter size-medium wp-image-1803\" src=\"http:\/\/www.montendre.se\/wp-content\/uploads\/2015\/06\/IMG_3513-300x225.jpg\" alt=\"IMG_3513\" width=\"300\" height=\"225\" srcset=\"https:\/\/www.montendre.se\/wp-content\/uploads\/2015\/06\/IMG_3513-300x225.jpg 300w, https:\/\/www.montendre.se\/wp-content\/uploads\/2015\/06\/IMG_3513-268x200.jpg 268w, https:\/\/www.montendre.se\/wp-content\/uploads\/2015\/06\/IMG_3513.jpg 640w\" sizes=\"(max-width: 300px) 100vw, 300px\" \/><\/a><\/p>\n<p>Efter:<\/p>\n<p><a href=\"http:\/\/www.montendre.se\/wp-content\/uploads\/2015\/06\/IMG_3518.jpg\"><img loading=\"lazy\" decoding=\"async\" class=\"aligncenter size-medium wp-image-1804\" src=\"http:\/\/www.montendre.se\/wp-content\/uploads\/2015\/06\/IMG_3518-300x225.jpg\" alt=\"IMG_3518\" width=\"300\" height=\"225\" srcset=\"https:\/\/www.montendre.se\/wp-content\/uploads\/2015\/06\/IMG_3518-300x225.jpg 300w, https:\/\/www.montendre.se\/wp-content\/uploads\/2015\/06\/IMG_3518-268x200.jpg 268w, https:\/\/www.montendre.se\/wp-content\/uploads\/2015\/06\/IMG_3518.jpg 640w\" sizes=\"(max-width: 300px) 100vw, 300px\" \/><\/a><\/p>\n<p>Pratat med grannen No\u00ebl om tujah\u00e4cken som vetter mot hans tomt. Han vill kapa den lite. Det viktigaste f\u00f6r honom \u00e4r att kapa det som sticker ut \u00e5t hans tomt, men han tycker det \u00e4r okey om vi kapar p\u00e5 h\u00f6jden ocks\u00e5. Jag och L b\u00f6rjar luta \u00e5t att man kanske ska kapa den l\u00e4ngs med r\u00f6tterna. Den del som kommer vara kvar om man kapar toppen \u00e4r inte s\u00e5 gr\u00f6n och frodig utan mest brun och vissen.<\/p>\n<p>Planterat lite:<\/p>\n<p>N\u00e5gon variant av nejlika:<\/p>\n<p><a href=\"http:\/\/www.montendre.se\/wp-content\/uploads\/2015\/06\/IMG_3524.jpg\"><img loading=\"lazy\" decoding=\"async\" class=\"aligncenter size-medium wp-image-1807\" src=\"http:\/\/www.montendre.se\/wp-content\/uploads\/2015\/06\/IMG_3524-300x225.jpg\" alt=\"IMG_3524\" width=\"300\" height=\"225\" srcset=\"https:\/\/www.montendre.se\/wp-content\/uploads\/2015\/06\/IMG_3524-300x225.jpg 300w, https:\/\/www.montendre.se\/wp-content\/uploads\/2015\/06\/IMG_3524-268x200.jpg 268w, https:\/\/www.montendre.se\/wp-content\/uploads\/2015\/06\/IMG_3524.jpg 640w\" sizes=\"(max-width: 300px) 100vw, 300px\" \/><\/a><\/p>\n<p>Hortensia:<\/p>\n<p><a href=\"http:\/\/www.montendre.se\/wp-content\/uploads\/2015\/06\/IMG_3527.jpg\"><img loading=\"lazy\" decoding=\"async\" class=\"aligncenter size-medium wp-image-1808\" src=\"http:\/\/www.montendre.se\/wp-content\/uploads\/2015\/06\/IMG_3527-300x225.jpg\" alt=\"IMG_3527\" width=\"300\" height=\"225\" srcset=\"https:\/\/www.montendre.se\/wp-content\/uploads\/2015\/06\/IMG_3527-300x225.jpg 300w, https:\/\/www.montendre.se\/wp-content\/uploads\/2015\/06\/IMG_3527-268x200.jpg 268w, https:\/\/www.montendre.se\/wp-content\/uploads\/2015\/06\/IMG_3527.jpg 640w\" sizes=\"(max-width: 300px) 100vw, 300px\" \/><\/a><\/p>\n<p>&nbsp;<\/p>\n<p>Middag hemma.<\/p>\n","protected":false},"excerpt":{"rendered":"<p>Soligt och varmt, 28 grader i snitt p\u00e5 eftermiddagen. Oljat f\u00f6nstret med linolja. Rensat under kastanjen och lite bj\u00f6rnb\u00e4rssn\u00e5r vid nordv\u00e4stra tomtgr\u00e4nsen. F\u00f6re: Efter: Pratat med grannen No\u00ebl om tujah\u00e4cken som vetter mot hans tomt. Han vill kapa den lite. Det viktigaste f\u00f6r honom \u00e4r att kapa det som sticker &#8230;<\/p>\n","protected":false},"author":1,"featured_media":0,"comment_status":"open","ping_status":"open","sticky":false,"template":"","format":"standard","meta":{"jetpack_post_was_ever_published":false,"_jetpack_newsletter_access":"","_jetpack_dont_email_post_to_subs":false,"_jetpack_newsletter_tier_id":0,"footnotes":""},"categories":[29],"tags":[],"jetpack_sharing_enabled":true,"jetpack_featured_media_url":"","_links":{"self":[{"href":"https:\/\/www.montendre.se\/index.php?rest_route=\/wp\/v2\/posts\/1800"}],"collection":[{"href":"https:\/\/www.montendre.se\/index.php?rest_route=\/wp\/v2\/posts"}],"about":[{"href":"https:\/\/www.montendre.se\/index.php?rest_route=\/wp\/v2\/types\/post"}],"author":[{"embeddable":true,"href":"https:\/\/www.montendre.se\/index.php?rest_route=\/wp\/v2\/users\/1"}],"replies":[{"embeddable":true,"href":"https:\/\/www.montendre.se\/index.php?rest_route=%2Fwp%2Fv2%2Fcomments&post=1800"}],"version-history":[{"count":6,"href":"https:\/\/www.montendre.se\/index.php?rest_route=\/wp\/v2\/posts\/1800\/revisions"}],"predecessor-version":[{"id":1816,"href":"https:\/\/www.montendre.se\/index.php?rest_route=\/wp\/v2\/posts\/1800\/revisions\/1816"}],"wp:attachment":[{"href":"https:\/\/www.montendre.se\/index.php?rest_route=%2Fwp%2Fv2%2Fmedia&parent=1800"}],"wp:term":[{"taxonomy":"category","embeddable":true,"href":"https:\/\/www.montendre.se\/index.php?rest_route=%2Fwp%2Fv2%2Fcategories&post=1800"},{"taxonomy":"post_tag","embeddable":true,"href":"https:\/\/www.montendre.se\/index.php?rest_route=%2Fwp%2Fv2%2Ftags&post=1800"}],"curies":[{"name":"wp","href":"https:\/\/api.w.org\/{rel}","templated":true}]}}