{"id":1768,"date":"2015-06-25T09:00:52","date_gmt":"2015-06-25T07:00:52","guid":{"rendered":"http:\/\/www.montendre.se\/?p=1768"},"modified":"2015-06-27T10:41:41","modified_gmt":"2015-06-27T08:41:41","slug":"25-juni-2015","status":"publish","type":"post","link":"https:\/\/www.montendre.se\/?p=1768","title":{"rendered":"25 juni 2015"},"content":{"rendered":"<p>Soligt och varmt hela dagen. Lite dis p\u00e5 eftermiddagen. Drygt 30 p\u00e5 eftermiddagen, tidig kv\u00e4ll.<\/p>\n<p>M\u00e5lade ytterd\u00f6rren en g\u00e5ng till. Skrapat lite f\u00e4rg p\u00e5 f\u00f6nstret. Handlat p\u00e5 marknaden.<\/p>\n<p>Satt upp ny lampa utomhus.<\/p>\n<p><a href=\"http:\/\/www.montendre.se\/wp-content\/uploads\/2015\/06\/IMG_3483.jpg\"><img loading=\"lazy\" decoding=\"async\" class=\"aligncenter size-medium wp-image-1772\" src=\"http:\/\/www.montendre.se\/wp-content\/uploads\/2015\/06\/IMG_3483-300x225.jpg\" alt=\"IMG_3483\" width=\"300\" height=\"225\" srcset=\"https:\/\/www.montendre.se\/wp-content\/uploads\/2015\/06\/IMG_3483-300x225.jpg 300w, https:\/\/www.montendre.se\/wp-content\/uploads\/2015\/06\/IMG_3483-268x200.jpg 268w, https:\/\/www.montendre.se\/wp-content\/uploads\/2015\/06\/IMG_3483.jpg 640w\" sizes=\"(max-width: 300px) 100vw, 300px\" \/><\/a><\/p>\n<p>En f\u00f6rhopppningsvis mer permanent l\u00f6sning av termometer-placering.<\/p>\n<p><a href=\"http:\/\/www.montendre.se\/wp-content\/uploads\/2015\/06\/IMG_3486.jpg\"><img loading=\"lazy\" decoding=\"async\" class=\"aligncenter size-medium wp-image-1773\" src=\"http:\/\/www.montendre.se\/wp-content\/uploads\/2015\/06\/IMG_3486-225x300.jpg\" alt=\"IMG_3486\" width=\"225\" height=\"300\" srcset=\"https:\/\/www.montendre.se\/wp-content\/uploads\/2015\/06\/IMG_3486-225x300.jpg 225w, https:\/\/www.montendre.se\/wp-content\/uploads\/2015\/06\/IMG_3486.jpg 480w\" sizes=\"(max-width: 225px) 100vw, 225px\" \/><\/a><\/p>\n<p>Klippt\u00a0gr\u00e4set och i samband med det flyttat en fin liten bl\u00e5klintsplanta som stod mitt i gr\u00e4smattan. Vet inte om den klarar sig, men det \u00e4r v\u00e4rt ett f\u00f6rs\u00f6k. I gr\u00e4smattan hade jag bara k\u00f6rt \u00f6ver den i alla fall.<\/p>\n<p><a href=\"http:\/\/www.montendre.se\/wp-content\/uploads\/2015\/06\/IMG_3489.jpg\"><img loading=\"lazy\" decoding=\"async\" class=\"aligncenter size-medium wp-image-1774\" src=\"http:\/\/www.montendre.se\/wp-content\/uploads\/2015\/06\/IMG_3489-225x300.jpg\" alt=\"IMG_3489\" width=\"225\" height=\"300\" srcset=\"https:\/\/www.montendre.se\/wp-content\/uploads\/2015\/06\/IMG_3489-225x300.jpg 225w, https:\/\/www.montendre.se\/wp-content\/uploads\/2015\/06\/IMG_3489.jpg 480w\" sizes=\"(max-width: 225px) 100vw, 225px\" \/><\/a><a href=\"http:\/\/www.montendre.se\/wp-content\/uploads\/2015\/06\/IMG_3491.jpg\"><img loading=\"lazy\" decoding=\"async\" class=\"aligncenter size-medium wp-image-1775\" src=\"http:\/\/www.montendre.se\/wp-content\/uploads\/2015\/06\/IMG_3491-300x225.jpg\" alt=\"IMG_3491\" width=\"300\" height=\"225\" srcset=\"https:\/\/www.montendre.se\/wp-content\/uploads\/2015\/06\/IMG_3491-300x225.jpg 300w, https:\/\/www.montendre.se\/wp-content\/uploads\/2015\/06\/IMG_3491-268x200.jpg 268w, https:\/\/www.montendre.se\/wp-content\/uploads\/2015\/06\/IMG_3491.jpg 640w\" sizes=\"(max-width: 300px) 100vw, 300px\" \/><\/a><\/p>\n<p>&nbsp;<\/p>\n<p>Sk\u00f6rdade lite squash idag.<\/p>\n<p><a href=\"http:\/\/www.montendre.se\/wp-content\/uploads\/2015\/06\/IMG_3487.jpg\"><img loading=\"lazy\" decoding=\"async\" class=\"aligncenter size-medium wp-image-1778\" src=\"http:\/\/www.montendre.se\/wp-content\/uploads\/2015\/06\/IMG_3487-300x225.jpg\" alt=\"IMG_3487\" width=\"300\" height=\"225\" srcset=\"https:\/\/www.montendre.se\/wp-content\/uploads\/2015\/06\/IMG_3487-300x225.jpg 300w, https:\/\/www.montendre.se\/wp-content\/uploads\/2015\/06\/IMG_3487-268x200.jpg 268w, https:\/\/www.montendre.se\/wp-content\/uploads\/2015\/06\/IMG_3487.jpg 640w\" sizes=\"(max-width: 300px) 100vw, 300px\" \/><\/a><\/p>\n<p>Middag hemma. Grillad havsabborre och grillade gr\u00f6nsaker.<\/p>\n","protected":false},"excerpt":{"rendered":"<p>Soligt och varmt hela dagen. Lite dis p\u00e5 eftermiddagen. Drygt 30 p\u00e5 eftermiddagen, tidig kv\u00e4ll. M\u00e5lade ytterd\u00f6rren en g\u00e5ng till. Skrapat lite f\u00e4rg p\u00e5 f\u00f6nstret. Handlat p\u00e5 marknaden. Satt upp ny lampa utomhus. En f\u00f6rhopppningsvis mer permanent l\u00f6sning av termometer-placering. Klippt\u00a0gr\u00e4set och i samband med det flyttat en fin liten &#8230;<\/p>\n","protected":false},"author":1,"featured_media":0,"comment_status":"open","ping_status":"open","sticky":false,"template":"","format":"standard","meta":{"jetpack_post_was_ever_published":false,"_jetpack_newsletter_access":"","_jetpack_dont_email_post_to_subs":false,"_jetpack_newsletter_tier_id":0,"footnotes":""},"categories":[29],"tags":[],"jetpack_sharing_enabled":true,"jetpack_featured_media_url":"","_links":{"self":[{"href":"https:\/\/www.montendre.se\/index.php?rest_route=\/wp\/v2\/posts\/1768"}],"collection":[{"href":"https:\/\/www.montendre.se\/index.php?rest_route=\/wp\/v2\/posts"}],"about":[{"href":"https:\/\/www.montendre.se\/index.php?rest_route=\/wp\/v2\/types\/post"}],"author":[{"embeddable":true,"href":"https:\/\/www.montendre.se\/index.php?rest_route=\/wp\/v2\/users\/1"}],"replies":[{"embeddable":true,"href":"https:\/\/www.montendre.se\/index.php?rest_route=%2Fwp%2Fv2%2Fcomments&post=1768"}],"version-history":[{"count":5,"href":"https:\/\/www.montendre.se\/index.php?rest_route=\/wp\/v2\/posts\/1768\/revisions"}],"predecessor-version":[{"id":1779,"href":"https:\/\/www.montendre.se\/index.php?rest_route=\/wp\/v2\/posts\/1768\/revisions\/1779"}],"wp:attachment":[{"href":"https:\/\/www.montendre.se\/index.php?rest_route=%2Fwp%2Fv2%2Fmedia&parent=1768"}],"wp:term":[{"taxonomy":"category","embeddable":true,"href":"https:\/\/www.montendre.se\/index.php?rest_route=%2Fwp%2Fv2%2Fcategories&post=1768"},{"taxonomy":"post_tag","embeddable":true,"href":"https:\/\/www.montendre.se\/index.php?rest_route=%2Fwp%2Fv2%2Ftags&post=1768"}],"curies":[{"name":"wp","href":"https:\/\/api.w.org\/{rel}","templated":true}]}}