{"id":1759,"date":"2015-06-24T09:32:19","date_gmt":"2015-06-24T07:32:19","guid":{"rendered":"http:\/\/www.montendre.se\/?p=1759"},"modified":"2015-06-25T09:39:06","modified_gmt":"2015-06-25T07:39:06","slug":"24-juni-2015","status":"publish","type":"post","link":"https:\/\/www.montendre.se\/?p=1759","title":{"rendered":"24 juni 2015"},"content":{"rendered":"<p>Soligt och varmt hela dagen, runt 25-28 grader.<\/p>\n<p>R\u00f6rmokaren Albert kom f\u00f6rbi p\u00e5 f\u00f6rmiddagen f\u00f6r att titta p\u00e5 vad vi vill ha gjort i toa och badrum.<\/p>\n<p>M\u00e5lat gamla ytterd\u00f6rren.<\/p>\n<p><a href=\"http:\/\/www.montendre.se\/wp-content\/uploads\/2015\/06\/IMG_3482.jpg\"><img loading=\"lazy\" decoding=\"async\" class=\"aligncenter size-medium wp-image-1764\" src=\"http:\/\/www.montendre.se\/wp-content\/uploads\/2015\/06\/IMG_3482-225x300.jpg\" alt=\"IMG_3482\" width=\"225\" height=\"300\" srcset=\"https:\/\/www.montendre.se\/wp-content\/uploads\/2015\/06\/IMG_3482-225x300.jpg 225w, https:\/\/www.montendre.se\/wp-content\/uploads\/2015\/06\/IMG_3482.jpg 480w\" sizes=\"(max-width: 225px) 100vw, 225px\" \/><\/a><\/p>\n<p>Rensat bj\u00f6rnb\u00e4rssn\u00e5ret vid uthuset.<\/p>\n<p>Tagit bort allt kitt och glas fr\u00e5n sovrumsf\u00f6nstret.<\/p>\n<p>En &#8221;albinospindel&#8221; bland stockrosorna.<\/p>\n<p><a href=\"http:\/\/www.montendre.se\/wp-content\/uploads\/2015\/06\/IMG_3481.jpg\"><img loading=\"lazy\" decoding=\"async\" class=\"aligncenter size-medium wp-image-1765\" src=\"http:\/\/www.montendre.se\/wp-content\/uploads\/2015\/06\/IMG_3481-225x300.jpg\" alt=\"IMG_3481\" width=\"225\" height=\"300\" srcset=\"https:\/\/www.montendre.se\/wp-content\/uploads\/2015\/06\/IMG_3481-225x300.jpg 225w, https:\/\/www.montendre.se\/wp-content\/uploads\/2015\/06\/IMG_3481.jpg 480w\" sizes=\"(max-width: 225px) 100vw, 225px\" \/><\/a><\/p>\n<p>Middag p\u00e5 La Quincaillerie.<\/p>\n<p>&nbsp;<\/p>\n","protected":false},"excerpt":{"rendered":"<p>Soligt och varmt hela dagen, runt 25-28 grader. R\u00f6rmokaren Albert kom f\u00f6rbi p\u00e5 f\u00f6rmiddagen f\u00f6r att titta p\u00e5 vad vi vill ha gjort i toa och badrum. M\u00e5lat gamla ytterd\u00f6rren. Rensat bj\u00f6rnb\u00e4rssn\u00e5ret vid uthuset. Tagit bort allt kitt och glas fr\u00e5n sovrumsf\u00f6nstret. En &#8221;albinospindel&#8221; bland stockrosorna. Middag p\u00e5 La Quincaillerie. &#8230;<\/p>\n","protected":false},"author":1,"featured_media":0,"comment_status":"open","ping_status":"open","sticky":false,"template":"","format":"standard","meta":{"jetpack_post_was_ever_published":false,"_jetpack_newsletter_access":"","_jetpack_dont_email_post_to_subs":false,"_jetpack_newsletter_tier_id":0,"footnotes":""},"categories":[29],"tags":[],"jetpack_sharing_enabled":true,"jetpack_featured_media_url":"","_links":{"self":[{"href":"https:\/\/www.montendre.se\/index.php?rest_route=\/wp\/v2\/posts\/1759"}],"collection":[{"href":"https:\/\/www.montendre.se\/index.php?rest_route=\/wp\/v2\/posts"}],"about":[{"href":"https:\/\/www.montendre.se\/index.php?rest_route=\/wp\/v2\/types\/post"}],"author":[{"embeddable":true,"href":"https:\/\/www.montendre.se\/index.php?rest_route=\/wp\/v2\/users\/1"}],"replies":[{"embeddable":true,"href":"https:\/\/www.montendre.se\/index.php?rest_route=%2Fwp%2Fv2%2Fcomments&post=1759"}],"version-history":[{"count":6,"href":"https:\/\/www.montendre.se\/index.php?rest_route=\/wp\/v2\/posts\/1759\/revisions"}],"predecessor-version":[{"id":1767,"href":"https:\/\/www.montendre.se\/index.php?rest_route=\/wp\/v2\/posts\/1759\/revisions\/1767"}],"wp:attachment":[{"href":"https:\/\/www.montendre.se\/index.php?rest_route=%2Fwp%2Fv2%2Fmedia&parent=1759"}],"wp:term":[{"taxonomy":"category","embeddable":true,"href":"https:\/\/www.montendre.se\/index.php?rest_route=%2Fwp%2Fv2%2Fcategories&post=1759"},{"taxonomy":"post_tag","embeddable":true,"href":"https:\/\/www.montendre.se\/index.php?rest_route=%2Fwp%2Fv2%2Ftags&post=1759"}],"curies":[{"name":"wp","href":"https:\/\/api.w.org\/{rel}","templated":true}]}}