{"id":1702,"date":"2015-05-02T09:37:01","date_gmt":"2015-05-02T07:37:01","guid":{"rendered":"http:\/\/www.montendre.se\/?p=1702"},"modified":"2015-05-03T09:37:12","modified_gmt":"2015-05-03T07:37:12","slug":"2-maj-2015","status":"publish","type":"post","link":"https:\/\/www.montendre.se\/?p=1702","title":{"rendered":"2 maj 2015"},"content":{"rendered":"<p>Molnigt och lite duggregn p\u00e5 morgonen sedan regnade det mer och mer, men ganska varmt, 17-18 grader. Innesittarv\u00e4der.<\/p>\n<p>Lackat mer i trappan. Lite djupare lyster i alla fall. F\u00f6re, efter.<\/p>\n<p><a href=\"http:\/\/www.montendre.se\/wp-content\/uploads\/2015\/05\/IMG_3638.jpg\"><img loading=\"lazy\" decoding=\"async\" class=\"size-medium wp-image-1711 alignleft\" src=\"http:\/\/www.montendre.se\/wp-content\/uploads\/2015\/05\/IMG_3638-225x300.jpg\" alt=\"IMG_3638\" width=\"225\" height=\"300\" srcset=\"https:\/\/www.montendre.se\/wp-content\/uploads\/2015\/05\/IMG_3638-225x300.jpg 225w, https:\/\/www.montendre.se\/wp-content\/uploads\/2015\/05\/IMG_3638.jpg 480w\" sizes=\"(max-width: 225px) 100vw, 225px\" \/><\/a><a href=\"http:\/\/www.montendre.se\/wp-content\/uploads\/2015\/05\/IMG_3644.jpg\"><img loading=\"lazy\" decoding=\"async\" class=\"size-medium wp-image-1712 alignleft\" src=\"http:\/\/www.montendre.se\/wp-content\/uploads\/2015\/05\/IMG_3644-225x300.jpg\" alt=\"IMG_3644\" width=\"225\" height=\"300\" srcset=\"https:\/\/www.montendre.se\/wp-content\/uploads\/2015\/05\/IMG_3644-225x300.jpg 225w, https:\/\/www.montendre.se\/wp-content\/uploads\/2015\/05\/IMG_3644.jpg 480w\" sizes=\"(max-width: 225px) 100vw, 225px\" \/><\/a><\/p>\n<p>&nbsp;<\/p>\n<p>&nbsp;<\/p>\n<p>&nbsp;<\/p>\n<p>&nbsp;<\/p>\n<p>&nbsp;<\/p>\n<p>&nbsp;<\/p>\n<p>&nbsp;<\/p>\n<p>H\u00e4ngt upp lite saker p\u00e5 v\u00e4ggarna i k\u00f6ket. S\u00e5gat ved.<\/p>\n<p>Middag p\u00e5 Creperie Triskel igen. V\u00e4dret uppmuntrade inte till n\u00e5gon bilf\u00e4rd och restaurang Talmelier, som vi annars hade t\u00e4nkt g\u00e5 till, var st\u00e4ngd.<\/p>\n","protected":false},"excerpt":{"rendered":"<p>Molnigt och lite duggregn p\u00e5 morgonen sedan regnade det mer och mer, men ganska varmt, 17-18 grader. Innesittarv\u00e4der. Lackat mer i trappan. Lite djupare lyster i alla fall. F\u00f6re, efter. &nbsp; &nbsp; &nbsp; &nbsp; &nbsp; &nbsp; &nbsp; H\u00e4ngt upp lite saker p\u00e5 v\u00e4ggarna i k\u00f6ket. S\u00e5gat ved. Middag p\u00e5 Creperie &#8230;<\/p>\n","protected":false},"author":1,"featured_media":0,"comment_status":"open","ping_status":"open","sticky":false,"template":"","format":"standard","meta":{"jetpack_post_was_ever_published":false,"_jetpack_newsletter_access":"","_jetpack_dont_email_post_to_subs":false,"_jetpack_newsletter_tier_id":0,"footnotes":""},"categories":[28],"tags":[],"jetpack_sharing_enabled":true,"jetpack_featured_media_url":"","_links":{"self":[{"href":"https:\/\/www.montendre.se\/index.php?rest_route=\/wp\/v2\/posts\/1702"}],"collection":[{"href":"https:\/\/www.montendre.se\/index.php?rest_route=\/wp\/v2\/posts"}],"about":[{"href":"https:\/\/www.montendre.se\/index.php?rest_route=\/wp\/v2\/types\/post"}],"author":[{"embeddable":true,"href":"https:\/\/www.montendre.se\/index.php?rest_route=\/wp\/v2\/users\/1"}],"replies":[{"embeddable":true,"href":"https:\/\/www.montendre.se\/index.php?rest_route=%2Fwp%2Fv2%2Fcomments&post=1702"}],"version-history":[{"count":6,"href":"https:\/\/www.montendre.se\/index.php?rest_route=\/wp\/v2\/posts\/1702\/revisions"}],"predecessor-version":[{"id":1713,"href":"https:\/\/www.montendre.se\/index.php?rest_route=\/wp\/v2\/posts\/1702\/revisions\/1713"}],"wp:attachment":[{"href":"https:\/\/www.montendre.se\/index.php?rest_route=%2Fwp%2Fv2%2Fmedia&parent=1702"}],"wp:term":[{"taxonomy":"category","embeddable":true,"href":"https:\/\/www.montendre.se\/index.php?rest_route=%2Fwp%2Fv2%2Fcategories&post=1702"},{"taxonomy":"post_tag","embeddable":true,"href":"https:\/\/www.montendre.se\/index.php?rest_route=%2Fwp%2Fv2%2Ftags&post=1702"}],"curies":[{"name":"wp","href":"https:\/\/api.w.org\/{rel}","templated":true}]}}