{"id":1691,"date":"2015-05-01T08:29:08","date_gmt":"2015-05-01T06:29:08","guid":{"rendered":"http:\/\/www.montendre.se\/?p=1691"},"modified":"2015-05-02T11:22:20","modified_gmt":"2015-05-02T09:22:20","slug":"1-maj-2015","status":"publish","type":"post","link":"https:\/\/www.montendre.se\/?p=1691","title":{"rendered":"1 maj 2015"},"content":{"rendered":"<p>Regnat mycket hela natten, 30\u00a0mm enligt den analoga regnm\u00e4taren.<\/p>\n<p>Provm\u00e5lat i v\u00e5rt sovrum. Tycker inte n\u00e5gon av dem \u00e4r riktigt lyckad. Fransm\u00e4n gillar ju lite skarpare f\u00e4rger s\u00e5 vi f\u00f6rs\u00f6ker anpassa oss till det \ud83d\ude42<\/p>\n<p><a href=\"http:\/\/www.montendre.se\/wp-content\/uploads\/2015\/05\/IMG_3623.jpg\"><img loading=\"lazy\" decoding=\"async\" class=\"aligncenter size-medium wp-image-1694\" src=\"http:\/\/www.montendre.se\/wp-content\/uploads\/2015\/05\/IMG_3623-225x300.jpg\" alt=\"IMG_3623\" width=\"225\" height=\"300\" srcset=\"https:\/\/www.montendre.se\/wp-content\/uploads\/2015\/05\/IMG_3623-225x300.jpg 225w, https:\/\/www.montendre.se\/wp-content\/uploads\/2015\/05\/IMG_3623.jpg 480w\" sizes=\"(max-width: 225px) 100vw, 225px\" \/><\/a><\/p>\n<p>Slipat och lackat trappen upp mot vinden.<\/p>\n<p>S\u00e5gat upp lite ved och proveldat. S\u00e5g en massa kokongiserade spindlar i uthuset.<\/p>\n<p><a href=\"http:\/\/www.montendre.se\/wp-content\/uploads\/2015\/05\/IMG_3627.jpg\"><img loading=\"lazy\" decoding=\"async\" class=\"aligncenter size-medium wp-image-1697\" src=\"http:\/\/www.montendre.se\/wp-content\/uploads\/2015\/05\/IMG_3627-300x225.jpg\" alt=\"IMG_3627\" width=\"300\" height=\"225\" srcset=\"https:\/\/www.montendre.se\/wp-content\/uploads\/2015\/05\/IMG_3627-300x225.jpg 300w, https:\/\/www.montendre.se\/wp-content\/uploads\/2015\/05\/IMG_3627-268x200.jpg 268w, https:\/\/www.montendre.se\/wp-content\/uploads\/2015\/05\/IMG_3627.jpg 640w\" sizes=\"(max-width: 300px) 100vw, 300px\" \/><\/a>Kaminen var lite sv\u00e5rstartad. Kanske var veden fuktig? Den har ju legat i uthuset hur l\u00e4nge som helst men fr\u00e5gan \u00e4r om den torkar d\u00e4r?<\/p>\n<p><a href=\"http:\/\/www.montendre.se\/wp-content\/uploads\/2015\/05\/IMG_3637.jpg\"><img loading=\"lazy\" decoding=\"async\" class=\"aligncenter size-medium wp-image-1699\" src=\"http:\/\/www.montendre.se\/wp-content\/uploads\/2015\/05\/IMG_3637-300x225.jpg\" alt=\"IMG_3637\" width=\"300\" height=\"225\" srcset=\"https:\/\/www.montendre.se\/wp-content\/uploads\/2015\/05\/IMG_3637-300x225.jpg 300w, https:\/\/www.montendre.se\/wp-content\/uploads\/2015\/05\/IMG_3637-268x200.jpg 268w, https:\/\/www.montendre.se\/wp-content\/uploads\/2015\/05\/IMG_3637.jpg 640w\" sizes=\"(max-width: 300px) 100vw, 300px\" \/><\/a><\/p>\n<p>Regnat hela dagen n\u00e4stan. Drygt 15 grader. Middag hemma.<\/p>\n","protected":false},"excerpt":{"rendered":"<p>Regnat mycket hela natten, 30\u00a0mm enligt den analoga regnm\u00e4taren. Provm\u00e5lat i v\u00e5rt sovrum. Tycker inte n\u00e5gon av dem \u00e4r riktigt lyckad. Fransm\u00e4n gillar ju lite skarpare f\u00e4rger s\u00e5 vi f\u00f6rs\u00f6ker anpassa oss till det \ud83d\ude42 Slipat och lackat trappen upp mot vinden. S\u00e5gat upp lite ved och proveldat. S\u00e5g en &#8230;<\/p>\n","protected":false},"author":1,"featured_media":0,"comment_status":"open","ping_status":"open","sticky":false,"template":"","format":"standard","meta":{"jetpack_post_was_ever_published":false,"_jetpack_newsletter_access":"","_jetpack_dont_email_post_to_subs":false,"_jetpack_newsletter_tier_id":0,"footnotes":""},"categories":[28],"tags":[],"jetpack_sharing_enabled":true,"jetpack_featured_media_url":"","_links":{"self":[{"href":"https:\/\/www.montendre.se\/index.php?rest_route=\/wp\/v2\/posts\/1691"}],"collection":[{"href":"https:\/\/www.montendre.se\/index.php?rest_route=\/wp\/v2\/posts"}],"about":[{"href":"https:\/\/www.montendre.se\/index.php?rest_route=\/wp\/v2\/types\/post"}],"author":[{"embeddable":true,"href":"https:\/\/www.montendre.se\/index.php?rest_route=\/wp\/v2\/users\/1"}],"replies":[{"embeddable":true,"href":"https:\/\/www.montendre.se\/index.php?rest_route=%2Fwp%2Fv2%2Fcomments&post=1691"}],"version-history":[{"count":8,"href":"https:\/\/www.montendre.se\/index.php?rest_route=\/wp\/v2\/posts\/1691\/revisions"}],"predecessor-version":[{"id":1704,"href":"https:\/\/www.montendre.se\/index.php?rest_route=\/wp\/v2\/posts\/1691\/revisions\/1704"}],"wp:attachment":[{"href":"https:\/\/www.montendre.se\/index.php?rest_route=%2Fwp%2Fv2%2Fmedia&parent=1691"}],"wp:term":[{"taxonomy":"category","embeddable":true,"href":"https:\/\/www.montendre.se\/index.php?rest_route=%2Fwp%2Fv2%2Fcategories&post=1691"},{"taxonomy":"post_tag","embeddable":true,"href":"https:\/\/www.montendre.se\/index.php?rest_route=%2Fwp%2Fv2%2Ftags&post=1691"}],"curies":[{"name":"wp","href":"https:\/\/api.w.org\/{rel}","templated":true}]}}