{"id":1686,"date":"2015-04-30T08:40:38","date_gmt":"2015-04-30T06:40:38","guid":{"rendered":"http:\/\/www.montendre.se\/?p=1686"},"modified":"2015-05-01T08:40:51","modified_gmt":"2015-05-01T06:40:51","slug":"30-april-2015","status":"publish","type":"post","link":"https:\/\/www.montendre.se\/?p=1686","title":{"rendered":"30 april 2015"},"content":{"rendered":"<p>Molnigt med f\u00e5 solglimtar. Kom upp i 20 grader i alla fall. Lunch ute.<\/p>\n<p>Marknadsbes\u00f6k och s\u00e5 tr\u00e4dg\u00e5rdsarbete. Rensat ogr\u00e4s i rabatten. F\u00f6re, efter.<\/p>\n<p><a href=\"http:\/\/www.montendre.se\/wp-content\/uploads\/2015\/05\/IMG_3619.jpg\"><img loading=\"lazy\" decoding=\"async\" class=\"size-medium wp-image-1688 alignleft\" src=\"http:\/\/www.montendre.se\/wp-content\/uploads\/2015\/05\/IMG_3619-225x300.jpg\" alt=\"IMG_3619\" width=\"225\" height=\"300\" srcset=\"https:\/\/www.montendre.se\/wp-content\/uploads\/2015\/05\/IMG_3619-225x300.jpg 225w, https:\/\/www.montendre.se\/wp-content\/uploads\/2015\/05\/IMG_3619.jpg 480w\" sizes=\"(max-width: 225px) 100vw, 225px\" \/><\/a><a href=\"http:\/\/www.montendre.se\/wp-content\/uploads\/2015\/05\/IMG_3621.jpg\"><img loading=\"lazy\" decoding=\"async\" class=\"size-medium wp-image-1689 alignleft\" src=\"http:\/\/www.montendre.se\/wp-content\/uploads\/2015\/05\/IMG_3621-225x300.jpg\" alt=\"IMG_3621\" width=\"225\" height=\"300\" srcset=\"https:\/\/www.montendre.se\/wp-content\/uploads\/2015\/05\/IMG_3621-225x300.jpg 225w, https:\/\/www.montendre.se\/wp-content\/uploads\/2015\/05\/IMG_3621.jpg 480w\" sizes=\"(max-width: 225px) 100vw, 225px\" \/><\/a><\/p>\n<p>&nbsp;<\/p>\n<p>&nbsp;<\/p>\n<p>&nbsp;<\/p>\n<p>&nbsp;<\/p>\n<p>&nbsp;<\/p>\n<p>&nbsp;<\/p>\n<p>&nbsp;<\/p>\n<p>Rensat br\u00e4nn\u00e4sslor och murgr\u00f6na ocks\u00e5.<\/p>\n<p>Lackat hyllplanen en sista g\u00e5ng.<\/p>\n<p>Regnet kom p\u00e5 kv\u00e4llen. K\u00e4kade p\u00e5 Le Vieux Logis i Clam.<\/p>\n","protected":false},"excerpt":{"rendered":"<p>Molnigt med f\u00e5 solglimtar. Kom upp i 20 grader i alla fall. Lunch ute. Marknadsbes\u00f6k och s\u00e5 tr\u00e4dg\u00e5rdsarbete. Rensat ogr\u00e4s i rabatten. F\u00f6re, efter. &nbsp; &nbsp; &nbsp; &nbsp; &nbsp; &nbsp; &nbsp; Rensat br\u00e4nn\u00e4sslor och murgr\u00f6na ocks\u00e5. Lackat hyllplanen en sista g\u00e5ng. Regnet kom p\u00e5 kv\u00e4llen. K\u00e4kade p\u00e5 Le Vieux Logis &#8230;<\/p>\n","protected":false},"author":1,"featured_media":0,"comment_status":"open","ping_status":"open","sticky":false,"template":"","format":"standard","meta":{"jetpack_post_was_ever_published":false,"_jetpack_newsletter_access":"","_jetpack_dont_email_post_to_subs":false,"_jetpack_newsletter_tier_id":0,"footnotes":""},"categories":[28],"tags":[],"jetpack_sharing_enabled":true,"jetpack_featured_media_url":"","_links":{"self":[{"href":"https:\/\/www.montendre.se\/index.php?rest_route=\/wp\/v2\/posts\/1686"}],"collection":[{"href":"https:\/\/www.montendre.se\/index.php?rest_route=\/wp\/v2\/posts"}],"about":[{"href":"https:\/\/www.montendre.se\/index.php?rest_route=\/wp\/v2\/types\/post"}],"author":[{"embeddable":true,"href":"https:\/\/www.montendre.se\/index.php?rest_route=\/wp\/v2\/users\/1"}],"replies":[{"embeddable":true,"href":"https:\/\/www.montendre.se\/index.php?rest_route=%2Fwp%2Fv2%2Fcomments&post=1686"}],"version-history":[{"count":2,"href":"https:\/\/www.montendre.se\/index.php?rest_route=\/wp\/v2\/posts\/1686\/revisions"}],"predecessor-version":[{"id":1690,"href":"https:\/\/www.montendre.se\/index.php?rest_route=\/wp\/v2\/posts\/1686\/revisions\/1690"}],"wp:attachment":[{"href":"https:\/\/www.montendre.se\/index.php?rest_route=%2Fwp%2Fv2%2Fmedia&parent=1686"}],"wp:term":[{"taxonomy":"category","embeddable":true,"href":"https:\/\/www.montendre.se\/index.php?rest_route=%2Fwp%2Fv2%2Fcategories&post=1686"},{"taxonomy":"post_tag","embeddable":true,"href":"https:\/\/www.montendre.se\/index.php?rest_route=%2Fwp%2Fv2%2Ftags&post=1686"}],"curies":[{"name":"wp","href":"https:\/\/api.w.org\/{rel}","templated":true}]}}