{"id":1676,"date":"2015-04-29T08:57:01","date_gmt":"2015-04-29T06:57:01","guid":{"rendered":"http:\/\/www.montendre.se\/?p=1676"},"modified":"2015-04-30T08:57:14","modified_gmt":"2015-04-30T06:57:14","slug":"29-april-2015","status":"publish","type":"post","link":"https:\/\/www.montendre.se\/?p=1676","title":{"rendered":"29 april 2015"},"content":{"rendered":"<p>Soligt. Runt 15 grader vid lunch. Satt ute och k\u00e4kade lunch.<\/p>\n<p>Kapat en massa s.k. suckers vid norra linden. Rensat murgr\u00f6na fr\u00e5n ena hasseln och ett plommontr\u00e4d.<\/p>\n<p><a href=\"http:\/\/www.montendre.se\/wp-content\/uploads\/2015\/04\/IMG_3614.jpg\"><img loading=\"lazy\" decoding=\"async\" class=\"aligncenter size-medium wp-image-1678\" src=\"http:\/\/www.montendre.se\/wp-content\/uploads\/2015\/04\/IMG_3614-300x225.jpg\" alt=\"IMG_3614\" width=\"300\" height=\"225\" srcset=\"https:\/\/www.montendre.se\/wp-content\/uploads\/2015\/04\/IMG_3614-300x225.jpg 300w, https:\/\/www.montendre.se\/wp-content\/uploads\/2015\/04\/IMG_3614-268x200.jpg 268w, https:\/\/www.montendre.se\/wp-content\/uploads\/2015\/04\/IMG_3614.jpg 640w\" sizes=\"(max-width: 300px) 100vw, 300px\" \/><\/a><\/p>\n<p>Kastanjen blommar.<\/p>\n<p><a href=\"http:\/\/www.montendre.se\/wp-content\/uploads\/2015\/04\/IMG_3615.jpg\"><img loading=\"lazy\" decoding=\"async\" class=\"aligncenter size-medium wp-image-1679\" src=\"http:\/\/www.montendre.se\/wp-content\/uploads\/2015\/04\/IMG_3615-225x300.jpg\" alt=\"IMG_3615\" width=\"225\" height=\"300\" srcset=\"https:\/\/www.montendre.se\/wp-content\/uploads\/2015\/04\/IMG_3615-225x300.jpg 225w, https:\/\/www.montendre.se\/wp-content\/uploads\/2015\/04\/IMG_3615.jpg 480w\" sizes=\"(max-width: 225px) 100vw, 225px\" \/><\/a><\/p>\n<p>L st\u00e4dar sk\u00e5pet vi k\u00f6pte i mars. Jag klarlackar hyllplanen.<\/p>\n<p>Borrat bort stubbar p\u00e5 eftermiddagen och fortsatt med hyllplanen.<\/p>\n<p>Middag p\u00e5 La Quincaillerie.<\/p>\n","protected":false},"excerpt":{"rendered":"<p>Soligt. Runt 15 grader vid lunch. Satt ute och k\u00e4kade lunch. Kapat en massa s.k. suckers vid norra linden. Rensat murgr\u00f6na fr\u00e5n ena hasseln och ett plommontr\u00e4d. Kastanjen blommar. L st\u00e4dar sk\u00e5pet vi k\u00f6pte i mars. Jag klarlackar hyllplanen. Borrat bort stubbar p\u00e5 eftermiddagen och fortsatt med hyllplanen. Middag p\u00e5 &#8230;<\/p>\n","protected":false},"author":1,"featured_media":0,"comment_status":"open","ping_status":"open","sticky":false,"template":"","format":"standard","meta":{"jetpack_post_was_ever_published":false,"_jetpack_newsletter_access":"","_jetpack_dont_email_post_to_subs":false,"_jetpack_newsletter_tier_id":0,"footnotes":""},"categories":[28],"tags":[],"jetpack_sharing_enabled":true,"jetpack_featured_media_url":"","_links":{"self":[{"href":"https:\/\/www.montendre.se\/index.php?rest_route=\/wp\/v2\/posts\/1676"}],"collection":[{"href":"https:\/\/www.montendre.se\/index.php?rest_route=\/wp\/v2\/posts"}],"about":[{"href":"https:\/\/www.montendre.se\/index.php?rest_route=\/wp\/v2\/types\/post"}],"author":[{"embeddable":true,"href":"https:\/\/www.montendre.se\/index.php?rest_route=\/wp\/v2\/users\/1"}],"replies":[{"embeddable":true,"href":"https:\/\/www.montendre.se\/index.php?rest_route=%2Fwp%2Fv2%2Fcomments&post=1676"}],"version-history":[{"count":5,"href":"https:\/\/www.montendre.se\/index.php?rest_route=\/wp\/v2\/posts\/1676\/revisions"}],"predecessor-version":[{"id":1685,"href":"https:\/\/www.montendre.se\/index.php?rest_route=\/wp\/v2\/posts\/1676\/revisions\/1685"}],"wp:attachment":[{"href":"https:\/\/www.montendre.se\/index.php?rest_route=%2Fwp%2Fv2%2Fmedia&parent=1676"}],"wp:term":[{"taxonomy":"category","embeddable":true,"href":"https:\/\/www.montendre.se\/index.php?rest_route=%2Fwp%2Fv2%2Fcategories&post=1676"},{"taxonomy":"post_tag","embeddable":true,"href":"https:\/\/www.montendre.se\/index.php?rest_route=%2Fwp%2Fv2%2Ftags&post=1676"}],"curies":[{"name":"wp","href":"https:\/\/api.w.org\/{rel}","templated":true}]}}