{"id":1642,"date":"2015-03-09T18:35:58","date_gmt":"2015-03-09T17:35:58","guid":{"rendered":"http:\/\/www.montendre.se\/?p=1642"},"modified":"2015-03-09T18:35:58","modified_gmt":"2015-03-09T17:35:58","slug":"9-mars-2015","status":"publish","type":"post","link":"https:\/\/www.montendre.se\/?p=1642","title":{"rendered":"9 mars 2015"},"content":{"rendered":"<p>Dimmig f\u00f6rmiddag, 12 grader. P\u00e5 eftermiddagen lite soldis och 17 grader.<\/p>\n<p>Kaminmannen kom halv tio och hade med sig en medhj\u00e4lpare ocks\u00e5. F\u00f6rmodligen sonen. Vid lunch\u00a0hade de gjort ett &#8221;urtag&#8221; i stenen i skorstenen mellan de tv\u00e5 r\u00f6kkanalerna s\u00e5 att r\u00f6ret (n\u00e5got hoppressat) f\u00e5r plats d\u00e4r. De hade ocks\u00e5 dragit r\u00f6r n\u00e4stan\u00a0hela str\u00e4ckan.<\/p>\n<p>Matrummet:<\/p>\n<p><a href=\"http:\/\/www.montendre.se\/wp-content\/uploads\/2015\/03\/IMG_3540.jpg\"><img loading=\"lazy\" decoding=\"async\" class=\"aligncenter size-medium wp-image-1645\" src=\"http:\/\/www.montendre.se\/wp-content\/uploads\/2015\/03\/IMG_3540-225x300.jpg\" alt=\"IMG_3540\" width=\"225\" height=\"300\" srcset=\"https:\/\/www.montendre.se\/wp-content\/uploads\/2015\/03\/IMG_3540-225x300.jpg 225w, https:\/\/www.montendre.se\/wp-content\/uploads\/2015\/03\/IMG_3540-768x1024.jpg 768w, https:\/\/www.montendre.se\/wp-content\/uploads\/2015\/03\/IMG_3540-700x933.jpg 700w, https:\/\/www.montendre.se\/wp-content\/uploads\/2015\/03\/IMG_3540.jpg 960w\" sizes=\"(max-width: 225px) 100vw, 225px\" \/><\/a><\/p>\n<p>&nbsp;<\/p>\n<p>Fr\u00e5n vinden ner mot matrummet:<\/p>\n<p><a href=\"http:\/\/www.montendre.se\/wp-content\/uploads\/2015\/03\/IMG_3542.jpg\"><img loading=\"lazy\" decoding=\"async\" class=\"aligncenter size-medium wp-image-1646\" src=\"http:\/\/www.montendre.se\/wp-content\/uploads\/2015\/03\/IMG_3542-300x225.jpg\" alt=\"IMG_3542\" width=\"300\" height=\"225\" srcset=\"https:\/\/www.montendre.se\/wp-content\/uploads\/2015\/03\/IMG_3542-300x225.jpg 300w, https:\/\/www.montendre.se\/wp-content\/uploads\/2015\/03\/IMG_3542-1024x768.jpg 1024w, https:\/\/www.montendre.se\/wp-content\/uploads\/2015\/03\/IMG_3542-268x200.jpg 268w, https:\/\/www.montendre.se\/wp-content\/uploads\/2015\/03\/IMG_3542-700x525.jpg 700w, https:\/\/www.montendre.se\/wp-content\/uploads\/2015\/03\/IMG_3542.jpg 1280w\" sizes=\"(max-width: 300px) 100vw, 300px\" \/><\/a><\/p>\n<p>&nbsp;<\/p>\n<p>Fr\u00e5n vinden upp mot skorstenen:<\/p>\n<p><a href=\"http:\/\/www.montendre.se\/wp-content\/uploads\/2015\/03\/IMG_3544.jpg\"><img loading=\"lazy\" decoding=\"async\" class=\"aligncenter size-medium wp-image-1647\" src=\"http:\/\/www.montendre.se\/wp-content\/uploads\/2015\/03\/IMG_3544-225x300.jpg\" alt=\"IMG_3544\" width=\"225\" height=\"300\" srcset=\"https:\/\/www.montendre.se\/wp-content\/uploads\/2015\/03\/IMG_3544-225x300.jpg 225w, https:\/\/www.montendre.se\/wp-content\/uploads\/2015\/03\/IMG_3544-768x1024.jpg 768w, https:\/\/www.montendre.se\/wp-content\/uploads\/2015\/03\/IMG_3544-700x933.jpg 700w, https:\/\/www.montendre.se\/wp-content\/uploads\/2015\/03\/IMG_3544.jpg 960w\" sizes=\"(max-width: 225px) 100vw, 225px\" \/><\/a>Dimman p\u00e5 morgonen gjorde taket halt s\u00e5 han\u00a0kunde inte jobba uppe med skorstenen p\u00e5 f\u00f6rmiddagen.<\/p>\n<p>P\u00e5 eftermiddagen la han isolering runt r\u00f6ret d\u00e4r han kom \u00e5t och la ner isolering l\u00e4ngs r\u00f6kkanalens v\u00e4ggar d\u00e4r han inte kom \u00e5t r\u00f6ret.<\/p>\n<p><a href=\"http:\/\/www.montendre.se\/wp-content\/uploads\/2015\/03\/IMG_3547.jpg\"><img loading=\"lazy\" decoding=\"async\" class=\"aligncenter size-medium wp-image-1651\" src=\"http:\/\/www.montendre.se\/wp-content\/uploads\/2015\/03\/IMG_3547-300x225.jpg\" alt=\"IMG_3547\" width=\"300\" height=\"225\" srcset=\"https:\/\/www.montendre.se\/wp-content\/uploads\/2015\/03\/IMG_3547-300x225.jpg 300w, https:\/\/www.montendre.se\/wp-content\/uploads\/2015\/03\/IMG_3547-1024x768.jpg 1024w, https:\/\/www.montendre.se\/wp-content\/uploads\/2015\/03\/IMG_3547-268x200.jpg 268w, https:\/\/www.montendre.se\/wp-content\/uploads\/2015\/03\/IMG_3547-700x525.jpg 700w, https:\/\/www.montendre.se\/wp-content\/uploads\/2015\/03\/IMG_3547.jpg 1280w\" sizes=\"(max-width: 300px) 100vw, 300px\" \/><\/a><\/p>\n<p>Sedan b\u00f6rjade han mura upp v\u00e4ggen i matrummet. Han hann till och med b\u00f6rja spackla i matrummet.<\/p>\n<p><a href=\"http:\/\/www.montendre.se\/wp-content\/uploads\/2015\/03\/IMG_3553.jpg\"><img loading=\"lazy\" decoding=\"async\" class=\"aligncenter size-medium wp-image-1654\" src=\"http:\/\/www.montendre.se\/wp-content\/uploads\/2015\/03\/IMG_3553-225x300.jpg\" alt=\"IMG_3553\" width=\"225\" height=\"300\" srcset=\"https:\/\/www.montendre.se\/wp-content\/uploads\/2015\/03\/IMG_3553-225x300.jpg 225w, https:\/\/www.montendre.se\/wp-content\/uploads\/2015\/03\/IMG_3553-768x1024.jpg 768w, https:\/\/www.montendre.se\/wp-content\/uploads\/2015\/03\/IMG_3553-700x933.jpg 700w, https:\/\/www.montendre.se\/wp-content\/uploads\/2015\/03\/IMG_3553.jpg 960w\" sizes=\"(max-width: 225px) 100vw, 225px\" \/><\/a><\/p>\n<p>Jag och L har mest fixat i tr\u00e4dg\u00e5rden. Tagit bort stubbar och murgr\u00f6na bl.a.<\/p>\n<p>Middag hemma.<\/p>\n","protected":false},"excerpt":{"rendered":"<p>Dimmig f\u00f6rmiddag, 12 grader. P\u00e5 eftermiddagen lite soldis och 17 grader. Kaminmannen kom halv tio och hade med sig en medhj\u00e4lpare ocks\u00e5. F\u00f6rmodligen sonen. Vid lunch\u00a0hade de gjort ett &#8221;urtag&#8221; i stenen i skorstenen mellan de tv\u00e5 r\u00f6kkanalerna s\u00e5 att r\u00f6ret (n\u00e5got hoppressat) f\u00e5r plats d\u00e4r. De hade ocks\u00e5 dragit &#8230;<\/p>\n","protected":false},"author":1,"featured_media":0,"comment_status":"open","ping_status":"open","sticky":false,"template":"","format":"standard","meta":{"jetpack_post_was_ever_published":false,"_jetpack_newsletter_access":"","_jetpack_dont_email_post_to_subs":false,"_jetpack_newsletter_tier_id":0,"footnotes":""},"categories":[27],"tags":[],"jetpack_sharing_enabled":true,"jetpack_featured_media_url":"","_links":{"self":[{"href":"https:\/\/www.montendre.se\/index.php?rest_route=\/wp\/v2\/posts\/1642"}],"collection":[{"href":"https:\/\/www.montendre.se\/index.php?rest_route=\/wp\/v2\/posts"}],"about":[{"href":"https:\/\/www.montendre.se\/index.php?rest_route=\/wp\/v2\/types\/post"}],"author":[{"embeddable":true,"href":"https:\/\/www.montendre.se\/index.php?rest_route=\/wp\/v2\/users\/1"}],"replies":[{"embeddable":true,"href":"https:\/\/www.montendre.se\/index.php?rest_route=%2Fwp%2Fv2%2Fcomments&post=1642"}],"version-history":[{"count":8,"href":"https:\/\/www.montendre.se\/index.php?rest_route=\/wp\/v2\/posts\/1642\/revisions"}],"predecessor-version":[{"id":1655,"href":"https:\/\/www.montendre.se\/index.php?rest_route=\/wp\/v2\/posts\/1642\/revisions\/1655"}],"wp:attachment":[{"href":"https:\/\/www.montendre.se\/index.php?rest_route=%2Fwp%2Fv2%2Fmedia&parent=1642"}],"wp:term":[{"taxonomy":"category","embeddable":true,"href":"https:\/\/www.montendre.se\/index.php?rest_route=%2Fwp%2Fv2%2Fcategories&post=1642"},{"taxonomy":"post_tag","embeddable":true,"href":"https:\/\/www.montendre.se\/index.php?rest_route=%2Fwp%2Fv2%2Ftags&post=1642"}],"curies":[{"name":"wp","href":"https:\/\/api.w.org\/{rel}","templated":true}]}}