{"id":1636,"date":"2015-03-08T22:13:48","date_gmt":"2015-03-08T21:13:48","guid":{"rendered":"http:\/\/www.montendre.se\/?p=1636"},"modified":"2015-03-09T08:50:41","modified_gmt":"2015-03-09T07:50:41","slug":"8-mars-2015","status":"publish","type":"post","link":"https:\/\/www.montendre.se\/?p=1636","title":{"rendered":"8 mars 2015"},"content":{"rendered":"<p>Lite mer kaminbyggebilder:<\/p>\n<p>S\u00e5 h\u00e4r s\u00e5g det ut uppe vid taket i matrummet. Tr\u00e4bj\u00e4lken n\u00e4rmast v\u00e4ggen m\u00e5ste urholkas f\u00f6r den f\u00e5r inte ligga mot r\u00f6kkanalen. Notera den fina gr\u00f6naktiga listen som finns under gipstaket.<\/p>\n<p><a href=\"http:\/\/www.montendre.se\/wp-content\/uploads\/2015\/03\/IMG_3520.jpg\"><img loading=\"lazy\" decoding=\"async\" class=\"aligncenter size-medium wp-image-1637\" src=\"http:\/\/www.montendre.se\/wp-content\/uploads\/2015\/03\/IMG_3520-300x225.jpg\" alt=\"IMG_3520\" width=\"300\" height=\"225\" srcset=\"https:\/\/www.montendre.se\/wp-content\/uploads\/2015\/03\/IMG_3520-300x225.jpg 300w, https:\/\/www.montendre.se\/wp-content\/uploads\/2015\/03\/IMG_3520-1024x768.jpg 1024w, https:\/\/www.montendre.se\/wp-content\/uploads\/2015\/03\/IMG_3520-268x200.jpg 268w, https:\/\/www.montendre.se\/wp-content\/uploads\/2015\/03\/IMG_3520-700x525.jpg 700w, https:\/\/www.montendre.se\/wp-content\/uploads\/2015\/03\/IMG_3520.jpg 1280w\" sizes=\"(max-width: 300px) 100vw, 300px\" \/><\/a>\u00c5kte p\u00e5 loppmarknad i Reignac p\u00e5 f\u00f6rmiddagen. K\u00f6pte en vas\/kruka.<\/p>\n<p><a href=\"http:\/\/www.montendre.se\/wp-content\/uploads\/2015\/03\/IMG_3538.jpg\"><img loading=\"lazy\" decoding=\"async\" class=\"aligncenter size-medium wp-image-1640\" src=\"http:\/\/www.montendre.se\/wp-content\/uploads\/2015\/03\/IMG_3538-225x300.jpg\" alt=\"IMG_3538\" width=\"225\" height=\"300\" srcset=\"https:\/\/www.montendre.se\/wp-content\/uploads\/2015\/03\/IMG_3538-225x300.jpg 225w, https:\/\/www.montendre.se\/wp-content\/uploads\/2015\/03\/IMG_3538-768x1024.jpg 768w, https:\/\/www.montendre.se\/wp-content\/uploads\/2015\/03\/IMG_3538-700x933.jpg 700w, https:\/\/www.montendre.se\/wp-content\/uploads\/2015\/03\/IMG_3538.jpg 960w\" sizes=\"(max-width: 225px) 100vw, 225px\" \/><\/a><\/p>\n<p>Sedan lunch hos skotten i St Thomas de Conac.<\/p>\n<p>P\u00e5 eftermiddagen pyssel i tr\u00e4dg\u00e5rden.<\/p>\n<p>Soligt hela dagen. 20 grader p\u00e5 eftermiddagen.<\/p>\n<p>Aperitif hos Georges och Lucette. Middag hemma.<\/p>\n<p>&nbsp;<\/p>\n<p>&nbsp;<\/p>\n","protected":false},"excerpt":{"rendered":"<p>Lite mer kaminbyggebilder: S\u00e5 h\u00e4r s\u00e5g det ut uppe vid taket i matrummet. Tr\u00e4bj\u00e4lken n\u00e4rmast v\u00e4ggen m\u00e5ste urholkas f\u00f6r den f\u00e5r inte ligga mot r\u00f6kkanalen. Notera den fina gr\u00f6naktiga listen som finns under gipstaket. \u00c5kte p\u00e5 loppmarknad i Reignac p\u00e5 f\u00f6rmiddagen. K\u00f6pte en vas\/kruka. Sedan lunch hos skotten i St &#8230;<\/p>\n","protected":false},"author":1,"featured_media":0,"comment_status":"open","ping_status":"open","sticky":false,"template":"","format":"standard","meta":{"jetpack_post_was_ever_published":false,"_jetpack_newsletter_access":"","_jetpack_dont_email_post_to_subs":false,"_jetpack_newsletter_tier_id":0,"footnotes":""},"categories":[27],"tags":[],"jetpack_sharing_enabled":true,"jetpack_featured_media_url":"","_links":{"self":[{"href":"https:\/\/www.montendre.se\/index.php?rest_route=\/wp\/v2\/posts\/1636"}],"collection":[{"href":"https:\/\/www.montendre.se\/index.php?rest_route=\/wp\/v2\/posts"}],"about":[{"href":"https:\/\/www.montendre.se\/index.php?rest_route=\/wp\/v2\/types\/post"}],"author":[{"embeddable":true,"href":"https:\/\/www.montendre.se\/index.php?rest_route=\/wp\/v2\/users\/1"}],"replies":[{"embeddable":true,"href":"https:\/\/www.montendre.se\/index.php?rest_route=%2Fwp%2Fv2%2Fcomments&post=1636"}],"version-history":[{"count":3,"href":"https:\/\/www.montendre.se\/index.php?rest_route=\/wp\/v2\/posts\/1636\/revisions"}],"predecessor-version":[{"id":1641,"href":"https:\/\/www.montendre.se\/index.php?rest_route=\/wp\/v2\/posts\/1636\/revisions\/1641"}],"wp:attachment":[{"href":"https:\/\/www.montendre.se\/index.php?rest_route=%2Fwp%2Fv2%2Fmedia&parent=1636"}],"wp:term":[{"taxonomy":"category","embeddable":true,"href":"https:\/\/www.montendre.se\/index.php?rest_route=%2Fwp%2Fv2%2Fcategories&post=1636"},{"taxonomy":"post_tag","embeddable":true,"href":"https:\/\/www.montendre.se\/index.php?rest_route=%2Fwp%2Fv2%2Ftags&post=1636"}],"curies":[{"name":"wp","href":"https:\/\/api.w.org\/{rel}","templated":true}]}}