{"id":163,"date":"2012-07-11T16:13:24","date_gmt":"2012-07-11T14:13:24","guid":{"rendered":"http:\/\/www.montendre.se\/?p=163"},"modified":"2013-07-17T14:54:04","modified_gmt":"2013-07-17T12:54:04","slug":"11-juli","status":"publish","type":"post","link":"https:\/\/www.montendre.se\/?p=163","title":{"rendered":"11 juli"},"content":{"rendered":"<p>Fixat klart golvet f\u00f6rutom fogen.<\/p>\n<p><a href=\"http:\/\/www.montendre.se\/wp-content\/uploads\/2012\/07\/IMG_2184.jpg\"><img loading=\"lazy\" decoding=\"async\" class=\"aligncenter size-medium wp-image-164\" title=\"IMG_2184\" src=\"http:\/\/www.montendre.se\/wp-content\/uploads\/2012\/07\/IMG_2184-224x300.jpg\" alt=\"\" width=\"224\" height=\"300\" srcset=\"https:\/\/www.montendre.se\/wp-content\/uploads\/2012\/07\/IMG_2184-224x300.jpg 224w, https:\/\/www.montendre.se\/wp-content\/uploads\/2012\/07\/IMG_2184-764x1024.jpg 764w, https:\/\/www.montendre.se\/wp-content\/uploads\/2012\/07\/IMG_2184-700x937.jpg 700w, https:\/\/www.montendre.se\/wp-content\/uploads\/2012\/07\/IMG_2184.jpg 1936w\" sizes=\"(max-width: 224px) 100vw, 224px\" \/><\/a><\/p>\n<p>M\u00e5lat klart f\u00f6nsterluckorna och med stor m\u00f6da f\u00e5tt dem p\u00e5 plats igen. Nice! Bara resten kvar men de \u00e4r ju i markplanet s\u00e5 de \u00e4r l\u00e4ttare att ta bort och h\u00e4nga upp igen.<\/p>\n<p><a href=\"http:\/\/www.montendre.se\/wp-content\/uploads\/2012\/07\/IMG_2186.jpg\"><img loading=\"lazy\" decoding=\"async\" class=\"aligncenter size-medium wp-image-165\" title=\"IMG_2186\" src=\"http:\/\/www.montendre.se\/wp-content\/uploads\/2012\/07\/IMG_2186-300x224.jpg\" alt=\"\" width=\"300\" height=\"224\" srcset=\"https:\/\/www.montendre.se\/wp-content\/uploads\/2012\/07\/IMG_2186-300x224.jpg 300w, https:\/\/www.montendre.se\/wp-content\/uploads\/2012\/07\/IMG_2186-1024x764.jpg 1024w, https:\/\/www.montendre.se\/wp-content\/uploads\/2012\/07\/IMG_2186-268x200.jpg 268w, https:\/\/www.montendre.se\/wp-content\/uploads\/2012\/07\/IMG_2186-700x522.jpg 700w\" sizes=\"(max-width: 300px) 100vw, 300px\" \/><\/a><\/p>\n<p>Och en del p\u00e4ron- och persikotr\u00e4d har klippts ner r\u00e4tt rej\u00e4lt. Efter den h\u00e5rda vintern var det en hel del d\u00f6da delar.<\/p>\n<p><a href=\"http:\/\/www.montendre.se\/wp-content\/uploads\/2012\/07\/IMG_2187.jpg\"><img loading=\"lazy\" decoding=\"async\" class=\"aligncenter size-medium wp-image-168\" title=\"IMG_2187\" src=\"http:\/\/www.montendre.se\/wp-content\/uploads\/2012\/07\/IMG_2187-224x300.jpg\" alt=\"\" width=\"224\" height=\"300\" srcset=\"https:\/\/www.montendre.se\/wp-content\/uploads\/2012\/07\/IMG_2187-224x300.jpg 224w, https:\/\/www.montendre.se\/wp-content\/uploads\/2012\/07\/IMG_2187-764x1024.jpg 764w, https:\/\/www.montendre.se\/wp-content\/uploads\/2012\/07\/IMG_2187-700x937.jpg 700w, https:\/\/www.montendre.se\/wp-content\/uploads\/2012\/07\/IMG_2187.jpg 1936w\" sizes=\"(max-width: 224px) 100vw, 224px\" \/><\/a><a href=\"http:\/\/www.montendre.se\/wp-content\/uploads\/2012\/07\/IMG_2188.jpg\"><img loading=\"lazy\" decoding=\"async\" class=\"aligncenter size-medium wp-image-169\" title=\"IMG_2188\" src=\"http:\/\/www.montendre.se\/wp-content\/uploads\/2012\/07\/IMG_2188-224x300.jpg\" alt=\"\" width=\"224\" height=\"300\" srcset=\"https:\/\/www.montendre.se\/wp-content\/uploads\/2012\/07\/IMG_2188-224x300.jpg 224w, https:\/\/www.montendre.se\/wp-content\/uploads\/2012\/07\/IMG_2188-764x1024.jpg 764w, https:\/\/www.montendre.se\/wp-content\/uploads\/2012\/07\/IMG_2188-700x937.jpg 700w, https:\/\/www.montendre.se\/wp-content\/uploads\/2012\/07\/IMG_2188.jpg 1936w\" sizes=\"(max-width: 224px) 100vw, 224px\" \/><\/a><a href=\"http:\/\/www.montendre.se\/wp-content\/uploads\/2012\/07\/IMG_2189.jpg\"><img loading=\"lazy\" decoding=\"async\" class=\"aligncenter size-medium wp-image-170\" title=\"IMG_2189\" src=\"http:\/\/www.montendre.se\/wp-content\/uploads\/2012\/07\/IMG_2189-224x300.jpg\" alt=\"\" width=\"224\" height=\"300\" srcset=\"https:\/\/www.montendre.se\/wp-content\/uploads\/2012\/07\/IMG_2189-224x300.jpg 224w, https:\/\/www.montendre.se\/wp-content\/uploads\/2012\/07\/IMG_2189-764x1024.jpg 764w, https:\/\/www.montendre.se\/wp-content\/uploads\/2012\/07\/IMG_2189-700x937.jpg 700w, https:\/\/www.montendre.se\/wp-content\/uploads\/2012\/07\/IMG_2189.jpg 1936w\" sizes=\"(max-width: 224px) 100vw, 224px\" \/><\/a><\/p>\n<p>Sk\u00f6rdade lite blomk\u00e5l och sallad.<\/p>\n<p><a href=\"http:\/\/www.montendre.se\/wp-content\/uploads\/2012\/07\/IMG_2190.jpg\"><img loading=\"lazy\" decoding=\"async\" class=\"aligncenter size-medium wp-image-184\" title=\"IMG_2190\" src=\"http:\/\/www.montendre.se\/wp-content\/uploads\/2012\/07\/IMG_2190-300x224.jpg\" alt=\"\" width=\"300\" height=\"224\" srcset=\"https:\/\/www.montendre.se\/wp-content\/uploads\/2012\/07\/IMG_2190-300x224.jpg 300w, https:\/\/www.montendre.se\/wp-content\/uploads\/2012\/07\/IMG_2190-1024x764.jpg 1024w, https:\/\/www.montendre.se\/wp-content\/uploads\/2012\/07\/IMG_2190-268x200.jpg 268w, https:\/\/www.montendre.se\/wp-content\/uploads\/2012\/07\/IMG_2190-700x522.jpg 700w\" sizes=\"(max-width: 300px) 100vw, 300px\" \/><\/a><\/p>\n","protected":false},"excerpt":{"rendered":"<p>Fixat klart golvet f\u00f6rutom fogen. M\u00e5lat klart f\u00f6nsterluckorna och med stor m\u00f6da f\u00e5tt dem p\u00e5 plats igen. Nice! Bara resten kvar men de \u00e4r ju i markplanet s\u00e5 de \u00e4r l\u00e4ttare att ta bort och h\u00e4nga upp igen. Och en del p\u00e4ron- och persikotr\u00e4d har klippts ner r\u00e4tt rej\u00e4lt. Efter &#8230;<\/p>\n","protected":false},"author":1,"featured_media":0,"comment_status":"open","ping_status":"open","sticky":false,"template":"","format":"standard","meta":{"jetpack_post_was_ever_published":false,"_jetpack_newsletter_access":"","_jetpack_dont_email_post_to_subs":false,"_jetpack_newsletter_tier_id":0,"footnotes":""},"categories":[4],"tags":[],"jetpack_sharing_enabled":true,"jetpack_featured_media_url":"","_links":{"self":[{"href":"https:\/\/www.montendre.se\/index.php?rest_route=\/wp\/v2\/posts\/163"}],"collection":[{"href":"https:\/\/www.montendre.se\/index.php?rest_route=\/wp\/v2\/posts"}],"about":[{"href":"https:\/\/www.montendre.se\/index.php?rest_route=\/wp\/v2\/types\/post"}],"author":[{"embeddable":true,"href":"https:\/\/www.montendre.se\/index.php?rest_route=\/wp\/v2\/users\/1"}],"replies":[{"embeddable":true,"href":"https:\/\/www.montendre.se\/index.php?rest_route=%2Fwp%2Fv2%2Fcomments&post=163"}],"version-history":[{"count":6,"href":"https:\/\/www.montendre.se\/index.php?rest_route=\/wp\/v2\/posts\/163\/revisions"}],"predecessor-version":[{"id":618,"href":"https:\/\/www.montendre.se\/index.php?rest_route=\/wp\/v2\/posts\/163\/revisions\/618"}],"wp:attachment":[{"href":"https:\/\/www.montendre.se\/index.php?rest_route=%2Fwp%2Fv2%2Fmedia&parent=163"}],"wp:term":[{"taxonomy":"category","embeddable":true,"href":"https:\/\/www.montendre.se\/index.php?rest_route=%2Fwp%2Fv2%2Fcategories&post=163"},{"taxonomy":"post_tag","embeddable":true,"href":"https:\/\/www.montendre.se\/index.php?rest_route=%2Fwp%2Fv2%2Ftags&post=163"}],"curies":[{"name":"wp","href":"https:\/\/api.w.org\/{rel}","templated":true}]}}