{"id":1597,"date":"2015-03-04T08:47:31","date_gmt":"2015-03-04T07:47:31","guid":{"rendered":"http:\/\/www.montendre.se\/?p=1597"},"modified":"2015-03-05T08:47:46","modified_gmt":"2015-03-05T07:47:46","slug":"4-mars-2015","status":"publish","type":"post","link":"https:\/\/www.montendre.se\/?p=1597","title":{"rendered":"4 mars 2015"},"content":{"rendered":"<p>Soligt mest hela dagen, r\u00e4tt kyligt dock, 12-13 grader p\u00e5 eftermiddagen.<\/p>\n<p>\u00c5kte f\u00f6rbi kaminmannen p\u00e5 f\u00f6rmiddagen. Han kommer p\u00e5 fredag och m\u00e5ndag och tror att det ska r\u00e4cka med de 2 dagarna.<\/p>\n<p>Sedan ett bes\u00f6k hos r\u00f6rmokaren Albert. Han var borta den h\u00e4r veckan men f\u00f6rhoppningsvis kan han komma f\u00f6rbi p\u00e5 m\u00e5ndag f\u00f6r att l\u00e4mna offert p\u00e5 att flytta lite r\u00f6r i badrummet d\u00e4r uppe.<\/p>\n<p>P\u00e5 eftermiddagen \u00e5kte vi iv\u00e4g och k\u00f6pte ett gammalt sk\u00e5p. Ett stort maffigt sk\u00e5p som vi hoppas ska passa i v\u00e5rat sovrum. F\u00e5r det\u00a0hemk\u00f6rt p\u00e5 fredag eftermiddag.<\/p>\n<p><a href=\"http:\/\/www.montendre.se\/wp-content\/uploads\/2015\/03\/210102DSC_1043_big.jpg\"><img loading=\"lazy\" decoding=\"async\" class=\"aligncenter size-medium wp-image-1598\" src=\"http:\/\/www.montendre.se\/wp-content\/uploads\/2015\/03\/210102DSC_1043_big-183x300.jpg\" alt=\"210102DSC_1043_big\" width=\"183\" height=\"300\" srcset=\"https:\/\/www.montendre.se\/wp-content\/uploads\/2015\/03\/210102DSC_1043_big-183x300.jpg 183w, https:\/\/www.montendre.se\/wp-content\/uploads\/2015\/03\/210102DSC_1043_big-625x1024.jpg 625w, https:\/\/www.montendre.se\/wp-content\/uploads\/2015\/03\/210102DSC_1043_big-700x1145.jpg 700w, https:\/\/www.montendre.se\/wp-content\/uploads\/2015\/03\/210102DSC_1043_big.jpg 750w\" sizes=\"(max-width: 183px) 100vw, 183px\" \/><\/a><\/p>\n<p>Middag p\u00e5 Coq d&#8217;Or i Jonzac.<\/p>\n","protected":false},"excerpt":{"rendered":"<p>Soligt mest hela dagen, r\u00e4tt kyligt dock, 12-13 grader p\u00e5 eftermiddagen. \u00c5kte f\u00f6rbi kaminmannen p\u00e5 f\u00f6rmiddagen. Han kommer p\u00e5 fredag och m\u00e5ndag och tror att det ska r\u00e4cka med de 2 dagarna. Sedan ett bes\u00f6k hos r\u00f6rmokaren Albert. Han var borta den h\u00e4r veckan men f\u00f6rhoppningsvis kan han komma f\u00f6rbi &#8230;<\/p>\n","protected":false},"author":1,"featured_media":0,"comment_status":"open","ping_status":"open","sticky":false,"template":"","format":"standard","meta":{"jetpack_post_was_ever_published":false,"_jetpack_newsletter_access":"","_jetpack_dont_email_post_to_subs":false,"_jetpack_newsletter_tier_id":0,"footnotes":""},"categories":[27],"tags":[],"jetpack_sharing_enabled":true,"jetpack_featured_media_url":"","_links":{"self":[{"href":"https:\/\/www.montendre.se\/index.php?rest_route=\/wp\/v2\/posts\/1597"}],"collection":[{"href":"https:\/\/www.montendre.se\/index.php?rest_route=\/wp\/v2\/posts"}],"about":[{"href":"https:\/\/www.montendre.se\/index.php?rest_route=\/wp\/v2\/types\/post"}],"author":[{"embeddable":true,"href":"https:\/\/www.montendre.se\/index.php?rest_route=\/wp\/v2\/users\/1"}],"replies":[{"embeddable":true,"href":"https:\/\/www.montendre.se\/index.php?rest_route=%2Fwp%2Fv2%2Fcomments&post=1597"}],"version-history":[{"count":2,"href":"https:\/\/www.montendre.se\/index.php?rest_route=\/wp\/v2\/posts\/1597\/revisions"}],"predecessor-version":[{"id":1600,"href":"https:\/\/www.montendre.se\/index.php?rest_route=\/wp\/v2\/posts\/1597\/revisions\/1600"}],"wp:attachment":[{"href":"https:\/\/www.montendre.se\/index.php?rest_route=%2Fwp%2Fv2%2Fmedia&parent=1597"}],"wp:term":[{"taxonomy":"category","embeddable":true,"href":"https:\/\/www.montendre.se\/index.php?rest_route=%2Fwp%2Fv2%2Fcategories&post=1597"},{"taxonomy":"post_tag","embeddable":true,"href":"https:\/\/www.montendre.se\/index.php?rest_route=%2Fwp%2Fv2%2Ftags&post=1597"}],"curies":[{"name":"wp","href":"https:\/\/api.w.org\/{rel}","templated":true}]}}