{"id":1592,"date":"2015-03-03T09:44:01","date_gmt":"2015-03-03T08:44:01","guid":{"rendered":"http:\/\/www.montendre.se\/?p=1592"},"modified":"2015-03-04T09:44:23","modified_gmt":"2015-03-04T08:44:23","slug":"3-mars-2015","status":"publish","type":"post","link":"https:\/\/www.montendre.se\/?p=1592","title":{"rendered":"3 mars 2015"},"content":{"rendered":"<p>Landade vid 16:00. N\u00e5gra enstaka regndroppar. 12 grader.<\/p>\n<p>Kom till huset 17:10. Hyfsat varmt inomhus.<\/p>\n<p>Har bl\u00e5st mycket och en hel del gamla tr\u00e4d har rasat.<\/p>\n<p><a href=\"http:\/\/www.montendre.se\/wp-content\/uploads\/2015\/03\/IMG_3491.jpg\"><img loading=\"lazy\" decoding=\"async\" class=\"aligncenter size-medium wp-image-1593\" src=\"http:\/\/www.montendre.se\/wp-content\/uploads\/2015\/03\/IMG_3491-225x300.jpg\" alt=\"IMG_3491\" width=\"225\" height=\"300\" srcset=\"https:\/\/www.montendre.se\/wp-content\/uploads\/2015\/03\/IMG_3491-225x300.jpg 225w, https:\/\/www.montendre.se\/wp-content\/uploads\/2015\/03\/IMG_3491.jpg 480w\" sizes=\"(max-width: 225px) 100vw, 225px\" \/><\/a> <a href=\"http:\/\/www.montendre.se\/wp-content\/uploads\/2015\/03\/IMG_3492.jpg\"><img loading=\"lazy\" decoding=\"async\" class=\"aligncenter size-medium wp-image-1594\" src=\"http:\/\/www.montendre.se\/wp-content\/uploads\/2015\/03\/IMG_3492-225x300.jpg\" alt=\"IMG_3492\" width=\"225\" height=\"300\" srcset=\"https:\/\/www.montendre.se\/wp-content\/uploads\/2015\/03\/IMG_3492-225x300.jpg 225w, https:\/\/www.montendre.se\/wp-content\/uploads\/2015\/03\/IMG_3492.jpg 480w\" sizes=\"(max-width: 225px) 100vw, 225px\" \/><\/a><\/p>\n<p>Georges har varit flitig i landet som vanligt. V\u00e4lkrattat.<\/p>\n<p><a href=\"http:\/\/www.montendre.se\/wp-content\/uploads\/2015\/03\/IMG_3495.jpg\"><img loading=\"lazy\" decoding=\"async\" class=\"aligncenter size-medium wp-image-1595\" src=\"http:\/\/www.montendre.se\/wp-content\/uploads\/2015\/03\/IMG_3495-300x225.jpg\" alt=\"IMG_3495\" width=\"300\" height=\"225\" srcset=\"https:\/\/www.montendre.se\/wp-content\/uploads\/2015\/03\/IMG_3495-300x225.jpg 300w, https:\/\/www.montendre.se\/wp-content\/uploads\/2015\/03\/IMG_3495-268x200.jpg 268w, https:\/\/www.montendre.se\/wp-content\/uploads\/2015\/03\/IMG_3495.jpg 640w\" sizes=\"(max-width: 300px) 100vw, 300px\" \/><\/a><\/p>\n<p>Middag p\u00e5 Creperie Triskel.<\/p>\n","protected":false},"excerpt":{"rendered":"<p>Landade vid 16:00. N\u00e5gra enstaka regndroppar. 12 grader. Kom till huset 17:10. Hyfsat varmt inomhus. Har bl\u00e5st mycket och en hel del gamla tr\u00e4d har rasat. Georges har varit flitig i landet som vanligt. V\u00e4lkrattat. Middag p\u00e5 Creperie Triskel.<\/p>\n","protected":false},"author":1,"featured_media":0,"comment_status":"open","ping_status":"open","sticky":false,"template":"","format":"standard","meta":{"jetpack_post_was_ever_published":false,"_jetpack_newsletter_access":"","_jetpack_dont_email_post_to_subs":false,"_jetpack_newsletter_tier_id":0,"footnotes":""},"categories":[27],"tags":[],"jetpack_sharing_enabled":true,"jetpack_featured_media_url":"","_links":{"self":[{"href":"https:\/\/www.montendre.se\/index.php?rest_route=\/wp\/v2\/posts\/1592"}],"collection":[{"href":"https:\/\/www.montendre.se\/index.php?rest_route=\/wp\/v2\/posts"}],"about":[{"href":"https:\/\/www.montendre.se\/index.php?rest_route=\/wp\/v2\/types\/post"}],"author":[{"embeddable":true,"href":"https:\/\/www.montendre.se\/index.php?rest_route=\/wp\/v2\/users\/1"}],"replies":[{"embeddable":true,"href":"https:\/\/www.montendre.se\/index.php?rest_route=%2Fwp%2Fv2%2Fcomments&post=1592"}],"version-history":[{"count":1,"href":"https:\/\/www.montendre.se\/index.php?rest_route=\/wp\/v2\/posts\/1592\/revisions"}],"predecessor-version":[{"id":1596,"href":"https:\/\/www.montendre.se\/index.php?rest_route=\/wp\/v2\/posts\/1592\/revisions\/1596"}],"wp:attachment":[{"href":"https:\/\/www.montendre.se\/index.php?rest_route=%2Fwp%2Fv2%2Fmedia&parent=1592"}],"wp:term":[{"taxonomy":"category","embeddable":true,"href":"https:\/\/www.montendre.se\/index.php?rest_route=%2Fwp%2Fv2%2Fcategories&post=1592"},{"taxonomy":"post_tag","embeddable":true,"href":"https:\/\/www.montendre.se\/index.php?rest_route=%2Fwp%2Fv2%2Ftags&post=1592"}],"curies":[{"name":"wp","href":"https:\/\/api.w.org\/{rel}","templated":true}]}}