{"id":1535,"date":"2014-11-10T20:00:15","date_gmt":"2014-11-10T19:00:15","guid":{"rendered":"http:\/\/www.montendre.se\/?p=1535"},"modified":"2014-11-10T21:20:12","modified_gmt":"2014-11-10T20:20:12","slug":"10-november-2014","status":"publish","type":"post","link":"https:\/\/www.montendre.se\/?p=1535","title":{"rendered":"10 november 2014"},"content":{"rendered":"<p>Nog kallaste dagen den h\u00e4r resan. F\u00f6rst fram\u00e5t fyra-tiden tittade solen fram och det blev lite varmare.<\/p>\n<p>Slipat, grundm\u00e5lat och slutm\u00e5lat v\u00e4ggarna\/taket i hallen\/trappen. 2 sektioner av 6 \u00e4r avklarade. (N\u00e4stan, skulle beh\u00f6va m\u00e5la ett lager till tror jag.)<\/p>\n<p><a href=\"http:\/\/www.montendre.se\/wp-content\/uploads\/2014\/11\/IMG_3402.jpg\"><img loading=\"lazy\" decoding=\"async\" class=\"aligncenter size-medium wp-image-1538\" src=\"http:\/\/www.montendre.se\/wp-content\/uploads\/2014\/11\/IMG_3402-225x300.jpg\" alt=\"IMG_3402\" width=\"225\" height=\"300\" srcset=\"https:\/\/www.montendre.se\/wp-content\/uploads\/2014\/11\/IMG_3402-225x300.jpg 225w, https:\/\/www.montendre.se\/wp-content\/uploads\/2014\/11\/IMG_3402.jpg 480w\" sizes=\"(max-width: 225px) 100vw, 225px\" \/><\/a><\/p>\n<p>Vad som \u00e4r lite skumt med v\u00e4derstationen och den f\u00f6rsvunna vindm\u00e4taren \u00e4r att programmet wview tycker att den tar emot m\u00e4tv\u00e4rden fr\u00e5n vindm\u00e4taren:<\/p>\n<p>Nov 10 16:19:17 raspberrypibplus wviewd[3909]: &lt;1415632757451&gt; : received WIND packet&#8230;<\/p>\n<p>S\u00e5 ligger vindm\u00e4taren n\u00e5gonstans i n\u00e4rheten? Sl\u00e4ngd ovanp\u00e5 h\u00e4cken av n\u00e5gra barn?<\/p>\n<p>Ska k\u00f6ra iv\u00e4g bilen nu ikv\u00e4ll och parkera den utanf\u00f6r de avsp\u00e4rrningar som g\u00f6rs inf\u00f6r morgondagens stora marknad &#8221;Foire Saint Martin&#8221;.<\/p>\n<p>Middag hemma.<\/p>\n","protected":false},"excerpt":{"rendered":"<p>Nog kallaste dagen den h\u00e4r resan. F\u00f6rst fram\u00e5t fyra-tiden tittade solen fram och det blev lite varmare. Slipat, grundm\u00e5lat och slutm\u00e5lat v\u00e4ggarna\/taket i hallen\/trappen. 2 sektioner av 6 \u00e4r avklarade. (N\u00e4stan, skulle beh\u00f6va m\u00e5la ett lager till tror jag.) Vad som \u00e4r lite skumt med v\u00e4derstationen och den f\u00f6rsvunna vindm\u00e4taren &#8230;<\/p>\n","protected":false},"author":1,"featured_media":0,"comment_status":"open","ping_status":"open","sticky":false,"template":"","format":"standard","meta":{"jetpack_post_was_ever_published":false,"_jetpack_newsletter_access":"","_jetpack_dont_email_post_to_subs":false,"_jetpack_newsletter_tier_id":0,"footnotes":""},"categories":[25],"tags":[],"jetpack_sharing_enabled":true,"jetpack_featured_media_url":"","_links":{"self":[{"href":"https:\/\/www.montendre.se\/index.php?rest_route=\/wp\/v2\/posts\/1535"}],"collection":[{"href":"https:\/\/www.montendre.se\/index.php?rest_route=\/wp\/v2\/posts"}],"about":[{"href":"https:\/\/www.montendre.se\/index.php?rest_route=\/wp\/v2\/types\/post"}],"author":[{"embeddable":true,"href":"https:\/\/www.montendre.se\/index.php?rest_route=\/wp\/v2\/users\/1"}],"replies":[{"embeddable":true,"href":"https:\/\/www.montendre.se\/index.php?rest_route=%2Fwp%2Fv2%2Fcomments&post=1535"}],"version-history":[{"count":3,"href":"https:\/\/www.montendre.se\/index.php?rest_route=\/wp\/v2\/posts\/1535\/revisions"}],"predecessor-version":[{"id":1539,"href":"https:\/\/www.montendre.se\/index.php?rest_route=\/wp\/v2\/posts\/1535\/revisions\/1539"}],"wp:attachment":[{"href":"https:\/\/www.montendre.se\/index.php?rest_route=%2Fwp%2Fv2%2Fmedia&parent=1535"}],"wp:term":[{"taxonomy":"category","embeddable":true,"href":"https:\/\/www.montendre.se\/index.php?rest_route=%2Fwp%2Fv2%2Fcategories&post=1535"},{"taxonomy":"post_tag","embeddable":true,"href":"https:\/\/www.montendre.se\/index.php?rest_route=%2Fwp%2Fv2%2Ftags&post=1535"}],"curies":[{"name":"wp","href":"https:\/\/api.w.org\/{rel}","templated":true}]}}