{"id":1519,"date":"2014-11-09T08:37:50","date_gmt":"2014-11-09T07:37:50","guid":{"rendered":"http:\/\/www.montendre.se\/?p=1519"},"modified":"2014-11-10T08:38:05","modified_gmt":"2014-11-10T07:38:05","slug":"9-november-2014","status":"publish","type":"post","link":"https:\/\/www.montendre.se\/?p=1519","title":{"rendered":"9 november 2014"},"content":{"rendered":"<p>Mest molnigt och en del regn idag. Runt 14 grader.<\/p>\n<p>Loppmarknad i Reignac p\u00e5 f\u00f6rmiddagen. K\u00f6pte en Tintin-bok, en kopparbunke, en v\u00e4ggklocka mm.<\/p>\n<p>Rensade br\u00e4nn\u00e4sslor. Regn efter lunchen. S\u00e5tt gr\u00e4s d\u00e4r br\u00e4nn\u00e4sslorna st\u00e5tt:<\/p>\n<p><a href=\"http:\/\/www.montendre.se\/wp-content\/uploads\/2014\/11\/IMG_3398.jpg\"><img loading=\"lazy\" decoding=\"async\" class=\"aligncenter size-medium wp-image-1526\" src=\"http:\/\/www.montendre.se\/wp-content\/uploads\/2014\/11\/IMG_3398-300x225.jpg\" alt=\"IMG_3398\" width=\"300\" height=\"225\" srcset=\"https:\/\/www.montendre.se\/wp-content\/uploads\/2014\/11\/IMG_3398-300x225.jpg 300w, https:\/\/www.montendre.se\/wp-content\/uploads\/2014\/11\/IMG_3398-268x200.jpg 268w, https:\/\/www.montendre.se\/wp-content\/uploads\/2014\/11\/IMG_3398.jpg 640w\" sizes=\"(max-width: 300px) 100vw, 300px\" \/><\/a><\/p>\n<p>Slipat och spacklat lite i hallen\/trappen.<\/p>\n<p>V\u00e5rt nym\u00e5lade sovrumsf\u00f6nster st\u00e5r emot regn som det ska. Sjyssta droppar som bara rinner\u00a0av ytan som vatten p\u00e5 en g\u00e5s.<\/p>\n<p><a href=\"http:\/\/www.montendre.se\/wp-content\/uploads\/2014\/11\/IMG_3400.jpg\"><img loading=\"lazy\" decoding=\"async\" class=\"aligncenter size-medium wp-image-1527\" src=\"http:\/\/www.montendre.se\/wp-content\/uploads\/2014\/11\/IMG_3400-300x225.jpg\" alt=\"IMG_3400\" width=\"300\" height=\"225\" srcset=\"https:\/\/www.montendre.se\/wp-content\/uploads\/2014\/11\/IMG_3400-300x225.jpg 300w, https:\/\/www.montendre.se\/wp-content\/uploads\/2014\/11\/IMG_3400-268x200.jpg 268w, https:\/\/www.montendre.se\/wp-content\/uploads\/2014\/11\/IMG_3400.jpg 640w\" sizes=\"(max-width: 300px) 100vw, 300px\" \/><\/a><\/p>\n<p>&nbsp;<\/p>\n<p>Aperitif hos Georges och Lucette p\u00e5 kv\u00e4llen. Grannarna No\u00ebl var d\u00e4r ocks\u00e5. Trevligt att l\u00e4ra k\u00e4nna dem lite mer.<\/p>\n<p>Middag hemma.<\/p>\n","protected":false},"excerpt":{"rendered":"<p>Mest molnigt och en del regn idag. Runt 14 grader. Loppmarknad i Reignac p\u00e5 f\u00f6rmiddagen. K\u00f6pte en Tintin-bok, en kopparbunke, en v\u00e4ggklocka mm. Rensade br\u00e4nn\u00e4sslor. Regn efter lunchen. S\u00e5tt gr\u00e4s d\u00e4r br\u00e4nn\u00e4sslorna st\u00e5tt: Slipat och spacklat lite i hallen\/trappen. V\u00e5rt nym\u00e5lade sovrumsf\u00f6nster st\u00e5r emot regn som det ska. Sjyssta droppar &#8230;<\/p>\n","protected":false},"author":1,"featured_media":0,"comment_status":"open","ping_status":"open","sticky":false,"template":"","format":"standard","meta":{"jetpack_post_was_ever_published":false,"_jetpack_newsletter_access":"","_jetpack_dont_email_post_to_subs":false,"_jetpack_newsletter_tier_id":0,"footnotes":""},"categories":[25],"tags":[],"jetpack_sharing_enabled":true,"jetpack_featured_media_url":"","_links":{"self":[{"href":"https:\/\/www.montendre.se\/index.php?rest_route=\/wp\/v2\/posts\/1519"}],"collection":[{"href":"https:\/\/www.montendre.se\/index.php?rest_route=\/wp\/v2\/posts"}],"about":[{"href":"https:\/\/www.montendre.se\/index.php?rest_route=\/wp\/v2\/types\/post"}],"author":[{"embeddable":true,"href":"https:\/\/www.montendre.se\/index.php?rest_route=\/wp\/v2\/users\/1"}],"replies":[{"embeddable":true,"href":"https:\/\/www.montendre.se\/index.php?rest_route=%2Fwp%2Fv2%2Fcomments&post=1519"}],"version-history":[{"count":8,"href":"https:\/\/www.montendre.se\/index.php?rest_route=\/wp\/v2\/posts\/1519\/revisions"}],"predecessor-version":[{"id":1534,"href":"https:\/\/www.montendre.se\/index.php?rest_route=\/wp\/v2\/posts\/1519\/revisions\/1534"}],"wp:attachment":[{"href":"https:\/\/www.montendre.se\/index.php?rest_route=%2Fwp%2Fv2%2Fmedia&parent=1519"}],"wp:term":[{"taxonomy":"category","embeddable":true,"href":"https:\/\/www.montendre.se\/index.php?rest_route=%2Fwp%2Fv2%2Fcategories&post=1519"},{"taxonomy":"post_tag","embeddable":true,"href":"https:\/\/www.montendre.se\/index.php?rest_route=%2Fwp%2Fv2%2Ftags&post=1519"}],"curies":[{"name":"wp","href":"https:\/\/api.w.org\/{rel}","templated":true}]}}