{"id":1507,"date":"2014-11-08T08:38:04","date_gmt":"2014-11-08T07:38:04","guid":{"rendered":"http:\/\/www.montendre.se\/?p=1507"},"modified":"2014-11-10T09:59:08","modified_gmt":"2014-11-10T08:59:08","slug":"8-november-2014","status":"publish","type":"post","link":"https:\/\/www.montendre.se\/?p=1507","title":{"rendered":"8 november 2014"},"content":{"rendered":"<p>Pillat klart med v\u00e4derstationen nu. Regnm\u00e4taren funkar ju oftast inte och vindm\u00e4taren \u00e4r f\u00f6rsvunnen s\u00e5 de siffrorna presenteras inte l\u00e4ngre p\u00e5 websidan.<\/p>\n<p>V\u00e4dret har varit mestadels mulet, runt 14 grader. N\u00e5gra regndroppar n\u00e5gon g\u00e5ng.<\/p>\n<p>Rensat klart i bj\u00f6rnb\u00e4rssn\u00e5ret. Nu \u00e4r det bara hassel kvar.<\/p>\n<p><a href=\"http:\/\/www.montendre.se\/wp-content\/uploads\/2014\/11\/IMG_3393.jpg\"><img loading=\"lazy\" decoding=\"async\" class=\"aligncenter size-medium wp-image-1509\" src=\"http:\/\/www.montendre.se\/wp-content\/uploads\/2014\/11\/IMG_3393-300x225.jpg\" alt=\"IMG_3393\" width=\"300\" height=\"225\" srcset=\"https:\/\/www.montendre.se\/wp-content\/uploads\/2014\/11\/IMG_3393-300x225.jpg 300w, https:\/\/www.montendre.se\/wp-content\/uploads\/2014\/11\/IMG_3393-268x200.jpg 268w, https:\/\/www.montendre.se\/wp-content\/uploads\/2014\/11\/IMG_3393.jpg 640w\" sizes=\"(max-width: 300px) 100vw, 300px\" \/><\/a>K\u00f6pte ett valn\u00f6tstr\u00e4d som \u00e4r lite st\u00f6rre \u00e4n det vi fick fr\u00e5n f\u00f6rre \u00e4garens dotter. Det har ju inte v\u00e4xt speciellt mycket s\u00e5 vi har v\u00e4l tappat tron p\u00e5 det lite grann.<\/p>\n<p><a href=\"http:\/\/www.montendre.se\/wp-content\/uploads\/2014\/11\/IMG_3395.jpg\"><img loading=\"lazy\" decoding=\"async\" class=\"aligncenter size-medium wp-image-1511\" src=\"http:\/\/www.montendre.se\/wp-content\/uploads\/2014\/11\/IMG_3395-225x300.jpg\" alt=\"IMG_3395\" width=\"225\" height=\"300\" srcset=\"https:\/\/www.montendre.se\/wp-content\/uploads\/2014\/11\/IMG_3395-225x300.jpg 225w, https:\/\/www.montendre.se\/wp-content\/uploads\/2014\/11\/IMG_3395.jpg 480w\" sizes=\"(max-width: 225px) 100vw, 225px\" \/><\/a><\/p>\n<p>Jag har rensat klart i rabatten ocks\u00e5.<\/p>\n<p>Middag uppe p\u00e5 Vieux Logis. Bra st\u00e4lle faktiskt, god mat, trevlig personal.<\/p>\n","protected":false},"excerpt":{"rendered":"<p>Pillat klart med v\u00e4derstationen nu. Regnm\u00e4taren funkar ju oftast inte och vindm\u00e4taren \u00e4r f\u00f6rsvunnen s\u00e5 de siffrorna presenteras inte l\u00e4ngre p\u00e5 websidan. V\u00e4dret har varit mestadels mulet, runt 14 grader. N\u00e5gra regndroppar n\u00e5gon g\u00e5ng. Rensat klart i bj\u00f6rnb\u00e4rssn\u00e5ret. Nu \u00e4r det bara hassel kvar. K\u00f6pte ett valn\u00f6tstr\u00e4d som \u00e4r lite &#8230;<\/p>\n","protected":false},"author":1,"featured_media":0,"comment_status":"open","ping_status":"open","sticky":false,"template":"","format":"standard","meta":{"jetpack_post_was_ever_published":false,"_jetpack_newsletter_access":"","_jetpack_dont_email_post_to_subs":false,"_jetpack_newsletter_tier_id":0,"footnotes":""},"categories":[25],"tags":[],"jetpack_sharing_enabled":true,"jetpack_featured_media_url":"","_links":{"self":[{"href":"https:\/\/www.montendre.se\/index.php?rest_route=\/wp\/v2\/posts\/1507"}],"collection":[{"href":"https:\/\/www.montendre.se\/index.php?rest_route=\/wp\/v2\/posts"}],"about":[{"href":"https:\/\/www.montendre.se\/index.php?rest_route=\/wp\/v2\/types\/post"}],"author":[{"embeddable":true,"href":"https:\/\/www.montendre.se\/index.php?rest_route=\/wp\/v2\/users\/1"}],"replies":[{"embeddable":true,"href":"https:\/\/www.montendre.se\/index.php?rest_route=%2Fwp%2Fv2%2Fcomments&post=1507"}],"version-history":[{"count":4,"href":"https:\/\/www.montendre.se\/index.php?rest_route=\/wp\/v2\/posts\/1507\/revisions"}],"predecessor-version":[{"id":1517,"href":"https:\/\/www.montendre.se\/index.php?rest_route=\/wp\/v2\/posts\/1507\/revisions\/1517"}],"wp:attachment":[{"href":"https:\/\/www.montendre.se\/index.php?rest_route=%2Fwp%2Fv2%2Fmedia&parent=1507"}],"wp:term":[{"taxonomy":"category","embeddable":true,"href":"https:\/\/www.montendre.se\/index.php?rest_route=%2Fwp%2Fv2%2Fcategories&post=1507"},{"taxonomy":"post_tag","embeddable":true,"href":"https:\/\/www.montendre.se\/index.php?rest_route=%2Fwp%2Fv2%2Ftags&post=1507"}],"curies":[{"name":"wp","href":"https:\/\/api.w.org\/{rel}","templated":true}]}}