{"id":1493,"date":"2014-11-05T08:34:44","date_gmt":"2014-11-05T07:34:44","guid":{"rendered":"http:\/\/www.montendre.se\/?p=1493"},"modified":"2014-11-10T09:59:26","modified_gmt":"2014-11-10T08:59:26","slug":"5-november-2014","status":"publish","type":"post","link":"https:\/\/www.montendre.se\/?p=1493","title":{"rendered":"5 november 2014"},"content":{"rendered":"<p>Soligt och bara enstaka regndroppar idag. Runt 14-15 grader p\u00e5 dagen.<\/p>\n<p>Kallt i huset dock. Har bara bra v\u00e4rme i matrummet och sovrummet.<\/p>\n<p>Har rensat ogr\u00e4s i rabatten och b\u00f6rjat ta bort ett bj\u00f6rnb\u00e4rssn\u00e5r vid uthusen. Trots att jag rensade allt ogr\u00e4s i augusti s\u00e5g det ut som en gr\u00e4smatta igen i rabatten.<\/p>\n<p><a href=\"http:\/\/www.montendre.se\/wp-content\/uploads\/2014\/11\/IMG_3370.jpg\"><img loading=\"lazy\" decoding=\"async\" class=\"aligncenter size-medium wp-image-1496\" src=\"http:\/\/www.montendre.se\/wp-content\/uploads\/2014\/11\/IMG_3370-225x300.jpg\" alt=\"IMG_3370\" width=\"225\" height=\"300\" srcset=\"https:\/\/www.montendre.se\/wp-content\/uploads\/2014\/11\/IMG_3370-225x300.jpg 225w, https:\/\/www.montendre.se\/wp-content\/uploads\/2014\/11\/IMG_3370.jpg 480w\" sizes=\"(max-width: 225px) 100vw, 225px\" \/><\/a><\/p>\n<p>&nbsp;<\/p>\n<p>D\u00e4r jag planterade lite nytt gr\u00e4s i augusti har det v\u00e4xt p\u00e5 bra. Dock med inslag av n\u00e5gon extrav\u00e4xt&#8230;<\/p>\n<p><a href=\"http:\/\/www.montendre.se\/wp-content\/uploads\/2014\/11\/IMG_3368.jpg\"><img loading=\"lazy\" decoding=\"async\" class=\"aligncenter size-medium wp-image-1497\" src=\"http:\/\/www.montendre.se\/wp-content\/uploads\/2014\/11\/IMG_3368-225x300.jpg\" alt=\"IMG_3368\" width=\"225\" height=\"300\" srcset=\"https:\/\/www.montendre.se\/wp-content\/uploads\/2014\/11\/IMG_3368-225x300.jpg 225w, https:\/\/www.montendre.se\/wp-content\/uploads\/2014\/11\/IMG_3368.jpg 480w\" sizes=\"(max-width: 225px) 100vw, 225px\" \/><\/a><\/p>\n<p>Har fortsatt med att f\u00f6rs\u00f6ka f\u00e5 ig\u00e5ng v\u00e4derstationen med nya Raspberryn. Tror inte minneskorten m\u00e5r s\u00e5 bra av att str\u00f6mmen g\u00e5r ibland. Verkar ge korrupta filsystem.<\/p>\n<p>Middag p\u00e5 Tablee Gourmande.<\/p>\n","protected":false},"excerpt":{"rendered":"<p>Soligt och bara enstaka regndroppar idag. Runt 14-15 grader p\u00e5 dagen. Kallt i huset dock. Har bara bra v\u00e4rme i matrummet och sovrummet. Har rensat ogr\u00e4s i rabatten och b\u00f6rjat ta bort ett bj\u00f6rnb\u00e4rssn\u00e5r vid uthusen. Trots att jag rensade allt ogr\u00e4s i augusti s\u00e5g det ut som en gr\u00e4smatta &#8230;<\/p>\n","protected":false},"author":1,"featured_media":0,"comment_status":"open","ping_status":"open","sticky":false,"template":"","format":"standard","meta":{"jetpack_post_was_ever_published":false,"_jetpack_newsletter_access":"","_jetpack_dont_email_post_to_subs":false,"_jetpack_newsletter_tier_id":0,"footnotes":""},"categories":[25],"tags":[],"jetpack_sharing_enabled":true,"jetpack_featured_media_url":"","_links":{"self":[{"href":"https:\/\/www.montendre.se\/index.php?rest_route=\/wp\/v2\/posts\/1493"}],"collection":[{"href":"https:\/\/www.montendre.se\/index.php?rest_route=\/wp\/v2\/posts"}],"about":[{"href":"https:\/\/www.montendre.se\/index.php?rest_route=\/wp\/v2\/types\/post"}],"author":[{"embeddable":true,"href":"https:\/\/www.montendre.se\/index.php?rest_route=\/wp\/v2\/users\/1"}],"replies":[{"embeddable":true,"href":"https:\/\/www.montendre.se\/index.php?rest_route=%2Fwp%2Fv2%2Fcomments&post=1493"}],"version-history":[{"count":3,"href":"https:\/\/www.montendre.se\/index.php?rest_route=\/wp\/v2\/posts\/1493\/revisions"}],"predecessor-version":[{"id":1498,"href":"https:\/\/www.montendre.se\/index.php?rest_route=\/wp\/v2\/posts\/1493\/revisions\/1498"}],"wp:attachment":[{"href":"https:\/\/www.montendre.se\/index.php?rest_route=%2Fwp%2Fv2%2Fmedia&parent=1493"}],"wp:term":[{"taxonomy":"category","embeddable":true,"href":"https:\/\/www.montendre.se\/index.php?rest_route=%2Fwp%2Fv2%2Fcategories&post=1493"},{"taxonomy":"post_tag","embeddable":true,"href":"https:\/\/www.montendre.se\/index.php?rest_route=%2Fwp%2Fv2%2Ftags&post=1493"}],"curies":[{"name":"wp","href":"https:\/\/api.w.org\/{rel}","templated":true}]}}