{"id":1457,"date":"2014-08-30T23:31:56","date_gmt":"2014-08-30T21:31:56","guid":{"rendered":"http:\/\/www.montendre.se\/?p=1457"},"modified":"2014-08-30T23:31:56","modified_gmt":"2014-08-30T21:31:56","slug":"30-augusti-2014","status":"publish","type":"post","link":"https:\/\/www.montendre.se\/?p=1457","title":{"rendered":"30 augusti 2014"},"content":{"rendered":"<p>Sol hela dagen. Drygt 26 grader.<\/p>\n<p>Sk\u00f6rdade och \u00e5t v\u00e5rt f\u00f6rsta \u00e4pple idag. Det var inte moget. Ska mogna f\u00f6rst i slutet av september s\u00e5 det var lite syrligt och h\u00e5rt.<\/p>\n<p>M\u00e5lade gamla ytterd\u00f6rren en g\u00e5ng till idag. \u00c4ven m\u00e5lat ett lager till p\u00e5 f\u00f6nsterluckorna.<\/p>\n<p><a href=\"http:\/\/www.montendre.se\/wp-content\/uploads\/2014\/08\/IMG_3311.jpg\"><img loading=\"lazy\" decoding=\"async\" class=\"aligncenter size-medium wp-image-1464\" title=\"IMG_3311\" src=\"http:\/\/www.montendre.se\/wp-content\/uploads\/2014\/08\/IMG_3311-225x300.jpg\" alt=\"\" width=\"225\" height=\"300\" srcset=\"https:\/\/www.montendre.se\/wp-content\/uploads\/2014\/08\/IMG_3311-225x300.jpg 225w, https:\/\/www.montendre.se\/wp-content\/uploads\/2014\/08\/IMG_3311.jpg 480w\" sizes=\"(max-width: 225px) 100vw, 225px\" \/><\/a><\/p>\n<p>Lite gr\u00e4s hade dykt p\u00e5 en av de fyra ytor som jag s\u00e5tt gr\u00e4s p\u00e5.<\/p>\n<p><a href=\"http:\/\/www.montendre.se\/wp-content\/uploads\/2014\/08\/IMG_3306.jpg\"><img loading=\"lazy\" decoding=\"async\" class=\"aligncenter size-medium wp-image-1459\" title=\"IMG_3306\" src=\"http:\/\/www.montendre.se\/wp-content\/uploads\/2014\/08\/IMG_3306-300x225.jpg\" alt=\"\" width=\"300\" height=\"225\" srcset=\"https:\/\/www.montendre.se\/wp-content\/uploads\/2014\/08\/IMG_3306-300x225.jpg 300w, https:\/\/www.montendre.se\/wp-content\/uploads\/2014\/08\/IMG_3306-268x200.jpg 268w, https:\/\/www.montendre.se\/wp-content\/uploads\/2014\/08\/IMG_3306.jpg 640w\" sizes=\"(max-width: 300px) 100vw, 300px\" \/><\/a>Kanske sv\u00e5rt att se men det \u00e4r en massa sm\u00e5 gr\u00f6na str\u00e5n. Den h\u00e4r ytan s\u00e5dde jag sist men med nya gr\u00e4sfr\u00f6n. De andra tre ytorna har det inte h\u00e4nt n\u00e5got p\u00e5 s\u00e5 det var v\u00e4l kanske fr\u00f6n som var f\u00f6r gamla? Nu har jag s\u00e5tt nya fr\u00f6n p\u00e5 de tre andra ytorna ocks\u00e5.<\/p>\n<p>Planterade 2 jord\u00e4rtskockor. Sk\u00f6rd i oktober &#8211; mars.<\/p>\n<p><a href=\"http:\/\/www.montendre.se\/wp-content\/uploads\/2014\/08\/IMG_3308.jpg\"><img loading=\"lazy\" decoding=\"async\" class=\"aligncenter size-medium wp-image-1460\" title=\"IMG_3308\" src=\"http:\/\/www.montendre.se\/wp-content\/uploads\/2014\/08\/IMG_3308-225x300.jpg\" alt=\"\" width=\"225\" height=\"300\" srcset=\"https:\/\/www.montendre.se\/wp-content\/uploads\/2014\/08\/IMG_3308-225x300.jpg 225w, https:\/\/www.montendre.se\/wp-content\/uploads\/2014\/08\/IMG_3308.jpg 480w\" sizes=\"(max-width: 225px) 100vw, 225px\" \/><\/a><\/p>\n<p>S\u00e5dde lite gr\u00e4s i omr\u00e5det d\u00e4r det \u00e4r som mest br\u00e4nn\u00e4sslor.<\/p>\n<p><a href=\"http:\/\/www.montendre.se\/wp-content\/uploads\/2014\/08\/IMG_3310.jpg\"><img loading=\"lazy\" decoding=\"async\" class=\"aligncenter size-medium wp-image-1461\" title=\"IMG_3310\" src=\"http:\/\/www.montendre.se\/wp-content\/uploads\/2014\/08\/IMG_3310-300x225.jpg\" alt=\"\" width=\"300\" height=\"225\" srcset=\"https:\/\/www.montendre.se\/wp-content\/uploads\/2014\/08\/IMG_3310-300x225.jpg 300w, https:\/\/www.montendre.se\/wp-content\/uploads\/2014\/08\/IMG_3310-268x200.jpg 268w, https:\/\/www.montendre.se\/wp-content\/uploads\/2014\/08\/IMG_3310.jpg 640w\" sizes=\"(max-width: 300px) 100vw, 300px\" \/><\/a><\/p>\n<p>Rensat lite ogr\u00e4s i rabatten.<\/p>\n<p>S\u00e5g idag att Chateau Mirambeau f\u00e5tt en stj\u00e4rna i Guide Michelin.<\/p>\n<p>Middag p\u00e5 Talmelier.<\/p>\n","protected":false},"excerpt":{"rendered":"<p>Sol hela dagen. Drygt 26 grader. Sk\u00f6rdade och \u00e5t v\u00e5rt f\u00f6rsta \u00e4pple idag. Det var inte moget. Ska mogna f\u00f6rst i slutet av september s\u00e5 det var lite syrligt och h\u00e5rt. M\u00e5lade gamla ytterd\u00f6rren en g\u00e5ng till idag. \u00c4ven m\u00e5lat ett lager till p\u00e5 f\u00f6nsterluckorna. Lite gr\u00e4s hade dykt p\u00e5 &#8230;<\/p>\n","protected":false},"author":1,"featured_media":0,"comment_status":"open","ping_status":"open","sticky":false,"template":"","format":"standard","meta":{"jetpack_post_was_ever_published":false,"_jetpack_newsletter_access":"","_jetpack_dont_email_post_to_subs":false,"_jetpack_newsletter_tier_id":0,"footnotes":""},"categories":[24],"tags":[],"jetpack_sharing_enabled":true,"jetpack_featured_media_url":"","_links":{"self":[{"href":"https:\/\/www.montendre.se\/index.php?rest_route=\/wp\/v2\/posts\/1457"}],"collection":[{"href":"https:\/\/www.montendre.se\/index.php?rest_route=\/wp\/v2\/posts"}],"about":[{"href":"https:\/\/www.montendre.se\/index.php?rest_route=\/wp\/v2\/types\/post"}],"author":[{"embeddable":true,"href":"https:\/\/www.montendre.se\/index.php?rest_route=\/wp\/v2\/users\/1"}],"replies":[{"embeddable":true,"href":"https:\/\/www.montendre.se\/index.php?rest_route=%2Fwp%2Fv2%2Fcomments&post=1457"}],"version-history":[{"count":7,"href":"https:\/\/www.montendre.se\/index.php?rest_route=\/wp\/v2\/posts\/1457\/revisions"}],"predecessor-version":[{"id":1474,"href":"https:\/\/www.montendre.se\/index.php?rest_route=\/wp\/v2\/posts\/1457\/revisions\/1474"}],"wp:attachment":[{"href":"https:\/\/www.montendre.se\/index.php?rest_route=%2Fwp%2Fv2%2Fmedia&parent=1457"}],"wp:term":[{"taxonomy":"category","embeddable":true,"href":"https:\/\/www.montendre.se\/index.php?rest_route=%2Fwp%2Fv2%2Fcategories&post=1457"},{"taxonomy":"post_tag","embeddable":true,"href":"https:\/\/www.montendre.se\/index.php?rest_route=%2Fwp%2Fv2%2Ftags&post=1457"}],"curies":[{"name":"wp","href":"https:\/\/api.w.org\/{rel}","templated":true}]}}