{"id":1420,"date":"2014-08-27T21:42:57","date_gmt":"2014-08-27T19:42:57","guid":{"rendered":"http:\/\/www.montendre.se\/?p=1420"},"modified":"2014-08-27T21:42:57","modified_gmt":"2014-08-27T19:42:57","slug":"27-augusti-2014","status":"publish","type":"post","link":"https:\/\/www.montendre.se\/?p=1420","title":{"rendered":"27 augusti 2014"},"content":{"rendered":"<p>Soligt n\u00e4stan hela dagen. 27 grader som mest p\u00e5 eftermiddagen.<\/p>\n<p>Frukostfrukt ig\u00e5r blev egna p\u00e4ron och egna hallon. P\u00e4ronen \u00e4r riktigt goda i \u00e5r. De andra \u00e5ren har de aldrig mognat riktigt eller s\u00e5 har vi varit h\u00e4r fel period.<\/p>\n<p><a href=\"http:\/\/www.montendre.se\/wp-content\/uploads\/2014\/08\/IMG_3286.jpg\"><img loading=\"lazy\" decoding=\"async\" class=\"aligncenter size-medium wp-image-1421\" title=\"IMG_3286\" src=\"http:\/\/www.montendre.se\/wp-content\/uploads\/2014\/08\/IMG_3286-300x225.jpg\" alt=\"\" width=\"300\" height=\"225\" srcset=\"https:\/\/www.montendre.se\/wp-content\/uploads\/2014\/08\/IMG_3286-300x225.jpg 300w, https:\/\/www.montendre.se\/wp-content\/uploads\/2014\/08\/IMG_3286-268x200.jpg 268w, https:\/\/www.montendre.se\/wp-content\/uploads\/2014\/08\/IMG_3286.jpg 640w\" sizes=\"(max-width: 300px) 100vw, 300px\" \/><\/a><\/p>\n<p>Och i morse tog vi en k\u00f6pt nektarin men egna hallon, bj\u00f6rnb\u00e4r och vindruvor.<\/p>\n<p><a href=\"http:\/\/www.montendre.se\/wp-content\/uploads\/2014\/08\/IMG_3289.jpg\"><img loading=\"lazy\" decoding=\"async\" class=\"aligncenter size-medium wp-image-1422\" title=\"IMG_3289\" src=\"http:\/\/www.montendre.se\/wp-content\/uploads\/2014\/08\/IMG_3289-300x225.jpg\" alt=\"\" width=\"300\" height=\"225\" srcset=\"https:\/\/www.montendre.se\/wp-content\/uploads\/2014\/08\/IMG_3289-300x225.jpg 300w, https:\/\/www.montendre.se\/wp-content\/uploads\/2014\/08\/IMG_3289-268x200.jpg 268w, https:\/\/www.montendre.se\/wp-content\/uploads\/2014\/08\/IMG_3289.jpg 640w\" sizes=\"(max-width: 300px) 100vw, 300px\" \/><\/a><\/p>\n<p>Jag har tuktat tujan. Tror jag pausar den aktiviteten f\u00f6r den h\u00e4r g\u00e5ngen.<\/p>\n<p><a href=\"http:\/\/www.montendre.se\/wp-content\/uploads\/2014\/08\/IMG_3292.jpg\"><img loading=\"lazy\" decoding=\"async\" class=\"aligncenter size-medium wp-image-1423\" title=\"IMG_3292\" src=\"http:\/\/www.montendre.se\/wp-content\/uploads\/2014\/08\/IMG_3292-300x225.jpg\" alt=\"\" width=\"300\" height=\"225\" srcset=\"https:\/\/www.montendre.se\/wp-content\/uploads\/2014\/08\/IMG_3292-300x225.jpg 300w, https:\/\/www.montendre.se\/wp-content\/uploads\/2014\/08\/IMG_3292-268x200.jpg 268w, https:\/\/www.montendre.se\/wp-content\/uploads\/2014\/08\/IMG_3292.jpg 640w\" sizes=\"(max-width: 300px) 100vw, 300px\" \/><\/a><\/p>\n<p>N\u00e4r man ser hur h\u00f6ga topparna \u00e4r p\u00e5 kortsidan s\u00e5 fattar man hur mycket jag har kapat.<\/p>\n<p>Satt dit tr\u00f6skeln vid gamla ing\u00e5ngen. F\u00e5r se om man kanske m\u00e5ste m\u00e5la den sedan. Nu \u00e4r den bara oljad. Klimatet \u00e4r r\u00e4tt tufft under h\u00f6st och vinter.<\/p>\n<p><a href=\"http:\/\/www.montendre.se\/wp-content\/uploads\/2014\/08\/IMG_3293.jpg\"><img loading=\"lazy\" decoding=\"async\" class=\"aligncenter size-medium wp-image-1424\" title=\"IMG_3293\" src=\"http:\/\/www.montendre.se\/wp-content\/uploads\/2014\/08\/IMG_3293-300x225.jpg\" alt=\"\" width=\"300\" height=\"225\" srcset=\"https:\/\/www.montendre.se\/wp-content\/uploads\/2014\/08\/IMG_3293-300x225.jpg 300w, https:\/\/www.montendre.se\/wp-content\/uploads\/2014\/08\/IMG_3293-268x200.jpg 268w, https:\/\/www.montendre.se\/wp-content\/uploads\/2014\/08\/IMG_3293.jpg 640w\" sizes=\"(max-width: 300px) 100vw, 300px\" \/><\/a><\/p>\n<p>Aperitif hos Georges och Lucette p\u00e5 kv\u00e4llen.<\/p>\n<p>Purjol\u00f6kssoppa hemma med vitl\u00f6ksr\u00e4kor.<\/p>\n","protected":false},"excerpt":{"rendered":"<p>Soligt n\u00e4stan hela dagen. 27 grader som mest p\u00e5 eftermiddagen. Frukostfrukt ig\u00e5r blev egna p\u00e4ron och egna hallon. P\u00e4ronen \u00e4r riktigt goda i \u00e5r. De andra \u00e5ren har de aldrig mognat riktigt eller s\u00e5 har vi varit h\u00e4r fel period. Och i morse tog vi en k\u00f6pt nektarin men egna &#8230;<\/p>\n","protected":false},"author":1,"featured_media":0,"comment_status":"open","ping_status":"open","sticky":false,"template":"","format":"standard","meta":{"jetpack_post_was_ever_published":false,"_jetpack_newsletter_access":"","_jetpack_dont_email_post_to_subs":false,"_jetpack_newsletter_tier_id":0,"footnotes":""},"categories":[24],"tags":[],"jetpack_sharing_enabled":true,"jetpack_featured_media_url":"","_links":{"self":[{"href":"https:\/\/www.montendre.se\/index.php?rest_route=\/wp\/v2\/posts\/1420"}],"collection":[{"href":"https:\/\/www.montendre.se\/index.php?rest_route=\/wp\/v2\/posts"}],"about":[{"href":"https:\/\/www.montendre.se\/index.php?rest_route=\/wp\/v2\/types\/post"}],"author":[{"embeddable":true,"href":"https:\/\/www.montendre.se\/index.php?rest_route=\/wp\/v2\/users\/1"}],"replies":[{"embeddable":true,"href":"https:\/\/www.montendre.se\/index.php?rest_route=%2Fwp%2Fv2%2Fcomments&post=1420"}],"version-history":[{"count":6,"href":"https:\/\/www.montendre.se\/index.php?rest_route=\/wp\/v2\/posts\/1420\/revisions"}],"predecessor-version":[{"id":1431,"href":"https:\/\/www.montendre.se\/index.php?rest_route=\/wp\/v2\/posts\/1420\/revisions\/1431"}],"wp:attachment":[{"href":"https:\/\/www.montendre.se\/index.php?rest_route=%2Fwp%2Fv2%2Fmedia&parent=1420"}],"wp:term":[{"taxonomy":"category","embeddable":true,"href":"https:\/\/www.montendre.se\/index.php?rest_route=%2Fwp%2Fv2%2Fcategories&post=1420"},{"taxonomy":"post_tag","embeddable":true,"href":"https:\/\/www.montendre.se\/index.php?rest_route=%2Fwp%2Fv2%2Ftags&post=1420"}],"curies":[{"name":"wp","href":"https:\/\/api.w.org\/{rel}","templated":true}]}}