{"id":1380,"date":"2014-08-23T08:11:41","date_gmt":"2014-08-23T06:11:41","guid":{"rendered":"http:\/\/www.montendre.se\/?p=1380"},"modified":"2014-08-24T08:11:52","modified_gmt":"2014-08-24T06:11:52","slug":"23-augusti-2014","status":"publish","type":"post","link":"https:\/\/www.montendre.se\/?p=1380","title":{"rendered":"23 augusti 2014"},"content":{"rendered":"<p>Lite s\u00e4mre v\u00e4der idag. N\u00e5gra mindre skurar p\u00e5 f\u00f6rmiddagen, sol bara p\u00e5 eftermiddagen. 24 grader som mest.<\/p>\n<p>Hade tr\u00e4ningsv\u00e4rk i varenda muskel i morse s\u00e5 idag har det blivit lite lugnare tempo. Ingen tujah\u00e4cksklippning.<\/p>\n<p>M\u00e5lade lite till p\u00e5 f\u00f6nstrena d\u00e4r jag missat lite. Uppdaterade infon om frukttr\u00e4d och buskar. Klippte busken bredvid kvittenbusken (med el-h\u00e4cksaxen f\u00f6rst\u00e5s).<\/p>\n<p><a href=\"http:\/\/www.montendre.se\/wp-content\/uploads\/2014\/08\/IMG_3260.jpg\"><img loading=\"lazy\" decoding=\"async\" class=\"aligncenter size-medium wp-image-1383\" title=\"IMG_3260\" src=\"http:\/\/www.montendre.se\/wp-content\/uploads\/2014\/08\/IMG_3260-225x300.jpg\" alt=\"\" width=\"225\" height=\"300\" srcset=\"https:\/\/www.montendre.se\/wp-content\/uploads\/2014\/08\/IMG_3260-225x300.jpg 225w, https:\/\/www.montendre.se\/wp-content\/uploads\/2014\/08\/IMG_3260.jpg 480w\" sizes=\"(max-width: 225px) 100vw, 225px\" \/><\/a><\/p>\n<p>Till lunch k\u00e4kade vi de b\u00f6nor som vi fick av Lucette ig\u00e5r. Hemgjorda f\u00f6rst\u00e5s. Mycket goda.<\/p>\n<p><a href=\"http:\/\/www.montendre.se\/wp-content\/uploads\/2014\/08\/IMG_3256.jpg\"><img loading=\"lazy\" decoding=\"async\" class=\"aligncenter size-medium wp-image-1382\" title=\"IMG_3256\" src=\"http:\/\/www.montendre.se\/wp-content\/uploads\/2014\/08\/IMG_3256-225x300.jpg\" alt=\"\" width=\"225\" height=\"300\" srcset=\"https:\/\/www.montendre.se\/wp-content\/uploads\/2014\/08\/IMG_3256-225x300.jpg 225w, https:\/\/www.montendre.se\/wp-content\/uploads\/2014\/08\/IMG_3256.jpg 480w\" sizes=\"(max-width: 225px) 100vw, 225px\" \/><\/a><\/p>\n<p>Rensade ogr\u00e4s i rabatten igen. Snart klar.<\/p>\n<p><a href=\"http:\/\/www.montendre.se\/wp-content\/uploads\/2014\/08\/IMG_3259.jpg\"><img loading=\"lazy\" decoding=\"async\" class=\"aligncenter size-medium wp-image-1384\" title=\"IMG_3259\" src=\"http:\/\/www.montendre.se\/wp-content\/uploads\/2014\/08\/IMG_3259-225x300.jpg\" alt=\"\" width=\"225\" height=\"300\" srcset=\"https:\/\/www.montendre.se\/wp-content\/uploads\/2014\/08\/IMG_3259-225x300.jpg 225w, https:\/\/www.montendre.se\/wp-content\/uploads\/2014\/08\/IMG_3259.jpg 480w\" sizes=\"(max-width: 225px) 100vw, 225px\" \/><\/a><\/p>\n<p>Hittade en krusb\u00e4rsliknande buske. Men v\u00e4ldigt sm\u00e5 b\u00e4r. Taggiga. Bladen luktar n\u00e4stan som vinb\u00e4rsblad n\u00e4r man krossar dem.<\/p>\n<p><a href=\"http:\/\/www.montendre.se\/wp-content\/uploads\/2014\/08\/IMG_3261.jpg\"><img loading=\"lazy\" decoding=\"async\" class=\"aligncenter size-medium wp-image-1385\" title=\"IMG_3261\" src=\"http:\/\/www.montendre.se\/wp-content\/uploads\/2014\/08\/IMG_3261-225x300.jpg\" alt=\"\" width=\"225\" height=\"300\" srcset=\"https:\/\/www.montendre.se\/wp-content\/uploads\/2014\/08\/IMG_3261-225x300.jpg 225w, https:\/\/www.montendre.se\/wp-content\/uploads\/2014\/08\/IMG_3261.jpg 480w\" sizes=\"(max-width: 225px) 100vw, 225px\" \/><\/a><\/p>\n<p>Tomaterna \u00e4r s\u00e5 mogna och s\u00e5 goda nu.<\/p>\n<p><a href=\"http:\/\/www.montendre.se\/wp-content\/uploads\/2014\/08\/IMG_3257.jpg\"><img loading=\"lazy\" decoding=\"async\" class=\"aligncenter size-medium wp-image-1386\" title=\"IMG_3257\" src=\"http:\/\/www.montendre.se\/wp-content\/uploads\/2014\/08\/IMG_3257-225x300.jpg\" alt=\"\" width=\"225\" height=\"300\" srcset=\"https:\/\/www.montendre.se\/wp-content\/uploads\/2014\/08\/IMG_3257-225x300.jpg 225w, https:\/\/www.montendre.se\/wp-content\/uploads\/2014\/08\/IMG_3257.jpg 480w\" sizes=\"(max-width: 225px) 100vw, 225px\" \/><\/a><\/p>\n<p>Promenad till Tabl\u00e9e Gourmande och middag d\u00e4r.<\/p>\n","protected":false},"excerpt":{"rendered":"<p>Lite s\u00e4mre v\u00e4der idag. N\u00e5gra mindre skurar p\u00e5 f\u00f6rmiddagen, sol bara p\u00e5 eftermiddagen. 24 grader som mest. Hade tr\u00e4ningsv\u00e4rk i varenda muskel i morse s\u00e5 idag har det blivit lite lugnare tempo. Ingen tujah\u00e4cksklippning. M\u00e5lade lite till p\u00e5 f\u00f6nstrena d\u00e4r jag missat lite. Uppdaterade infon om frukttr\u00e4d och buskar. Klippte &#8230;<\/p>\n","protected":false},"author":1,"featured_media":0,"comment_status":"open","ping_status":"open","sticky":false,"template":"","format":"standard","meta":{"jetpack_post_was_ever_published":false,"_jetpack_newsletter_access":"","_jetpack_dont_email_post_to_subs":false,"_jetpack_newsletter_tier_id":0,"footnotes":""},"categories":[24],"tags":[],"jetpack_sharing_enabled":true,"jetpack_featured_media_url":"","_links":{"self":[{"href":"https:\/\/www.montendre.se\/index.php?rest_route=\/wp\/v2\/posts\/1380"}],"collection":[{"href":"https:\/\/www.montendre.se\/index.php?rest_route=\/wp\/v2\/posts"}],"about":[{"href":"https:\/\/www.montendre.se\/index.php?rest_route=\/wp\/v2\/types\/post"}],"author":[{"embeddable":true,"href":"https:\/\/www.montendre.se\/index.php?rest_route=\/wp\/v2\/users\/1"}],"replies":[{"embeddable":true,"href":"https:\/\/www.montendre.se\/index.php?rest_route=%2Fwp%2Fv2%2Fcomments&post=1380"}],"version-history":[{"count":5,"href":"https:\/\/www.montendre.se\/index.php?rest_route=\/wp\/v2\/posts\/1380\/revisions"}],"predecessor-version":[{"id":1390,"href":"https:\/\/www.montendre.se\/index.php?rest_route=\/wp\/v2\/posts\/1380\/revisions\/1390"}],"wp:attachment":[{"href":"https:\/\/www.montendre.se\/index.php?rest_route=%2Fwp%2Fv2%2Fmedia&parent=1380"}],"wp:term":[{"taxonomy":"category","embeddable":true,"href":"https:\/\/www.montendre.se\/index.php?rest_route=%2Fwp%2Fv2%2Fcategories&post=1380"},{"taxonomy":"post_tag","embeddable":true,"href":"https:\/\/www.montendre.se\/index.php?rest_route=%2Fwp%2Fv2%2Ftags&post=1380"}],"curies":[{"name":"wp","href":"https:\/\/api.w.org\/{rel}","templated":true}]}}