{"id":1339,"date":"2014-08-20T08:24:12","date_gmt":"2014-08-20T06:24:12","guid":{"rendered":"http:\/\/www.montendre.se\/?p=1339"},"modified":"2014-08-22T08:27:09","modified_gmt":"2014-08-22T06:27:09","slug":"20-augusti-2014","status":"publish","type":"post","link":"https:\/\/www.montendre.se\/?p=1339","title":{"rendered":"20 augusti 2014"},"content":{"rendered":"<p>Kyligt p\u00e5 morgonen, 15 grader och ingen sol. Frukost i k\u00f6ket. Senare under dagen blev det upp mot 25 grader. Sol i princip hela dagen.<\/p>\n<p>M\u00e5lat ett f\u00f6rsta lager p\u00e5 f\u00f6nstret jag fixade i juni. F\u00f6re:<\/p>\n<p><a href=\"http:\/\/www.montendre.se\/wp-content\/uploads\/2014\/08\/IMG_3231.jpg\"><img loading=\"lazy\" decoding=\"async\" class=\"aligncenter size-medium wp-image-1344\" title=\"IMG_3231\" src=\"http:\/\/www.montendre.se\/wp-content\/uploads\/2014\/08\/IMG_3231-225x300.jpg\" alt=\"\" width=\"225\" height=\"300\" srcset=\"https:\/\/www.montendre.se\/wp-content\/uploads\/2014\/08\/IMG_3231-225x300.jpg 225w, https:\/\/www.montendre.se\/wp-content\/uploads\/2014\/08\/IMG_3231.jpg 480w\" sizes=\"(max-width: 225px) 100vw, 225px\" \/><\/a>\u00a0Efter:<\/p>\n<p><a href=\"http:\/\/www.montendre.se\/wp-content\/uploads\/2014\/08\/IMG_3234.jpg\"><img loading=\"lazy\" decoding=\"async\" class=\"aligncenter size-medium wp-image-1345\" title=\"IMG_3234\" src=\"http:\/\/www.montendre.se\/wp-content\/uploads\/2014\/08\/IMG_3234-225x300.jpg\" alt=\"\" width=\"225\" height=\"300\" srcset=\"https:\/\/www.montendre.se\/wp-content\/uploads\/2014\/08\/IMG_3234-225x300.jpg 225w, https:\/\/www.montendre.se\/wp-content\/uploads\/2014\/08\/IMG_3234.jpg 480w\" sizes=\"(max-width: 225px) 100vw, 225px\" \/><\/a><\/p>\n<p>M\u00e5lade \u00e4ven om f\u00f6nstret jag fixade f\u00f6rra sommaren (bara grundf\u00e4rg).<\/p>\n<p>N\u00e5gra v\u00e4xtfr\u00e5gor: vad \u00e4r detta?<\/p>\n<p><a href=\"http:\/\/www.montendre.se\/wp-content\/uploads\/2014\/08\/IMG_3226.jpg\"><img loading=\"lazy\" decoding=\"async\" class=\"aligncenter size-medium wp-image-1355\" title=\"IMG_3226\" src=\"http:\/\/www.montendre.se\/wp-content\/uploads\/2014\/08\/IMG_3226-225x300.jpg\" alt=\"\" width=\"225\" height=\"300\" srcset=\"https:\/\/www.montendre.se\/wp-content\/uploads\/2014\/08\/IMG_3226-225x300.jpg 225w, https:\/\/www.montendre.se\/wp-content\/uploads\/2014\/08\/IMG_3226-768x1024.jpg 768w, https:\/\/www.montendre.se\/wp-content\/uploads\/2014\/08\/IMG_3226-700x933.jpg 700w\" sizes=\"(max-width: 225px) 100vw, 225px\" \/><\/a><a href=\"http:\/\/www.montendre.se\/wp-content\/uploads\/2014\/08\/IMG_3227.jpg\"><img loading=\"lazy\" decoding=\"async\" class=\"aligncenter size-medium wp-image-1356\" title=\"IMG_3227\" src=\"http:\/\/www.montendre.se\/wp-content\/uploads\/2014\/08\/IMG_3227-225x300.jpg\" alt=\"\" width=\"225\" height=\"300\" srcset=\"https:\/\/www.montendre.se\/wp-content\/uploads\/2014\/08\/IMG_3227-225x300.jpg 225w, https:\/\/www.montendre.se\/wp-content\/uploads\/2014\/08\/IMG_3227.jpg 480w\" sizes=\"(max-width: 225px) 100vw, 225px\" \/><\/a><\/p>\n<p>Och denna har jag fr\u00e5gat om f\u00f6rr. V\u00e4xer fort som ett ogr\u00e4s. 2 m h\u00f6g. Lilaaktig stam. Vita sm\u00e5 blommor. Som sedan blir lilaaktiga frukter:<\/p>\n<p><a href=\"http:\/\/www.montendre.se\/wp-content\/uploads\/2014\/08\/IMG_3228.jpg\"><img loading=\"lazy\" decoding=\"async\" class=\"aligncenter size-medium wp-image-1358\" title=\"IMG_3228\" src=\"http:\/\/www.montendre.se\/wp-content\/uploads\/2014\/08\/IMG_3228-225x300.jpg\" alt=\"\" width=\"225\" height=\"300\" srcset=\"https:\/\/www.montendre.se\/wp-content\/uploads\/2014\/08\/IMG_3228-225x300.jpg 225w, https:\/\/www.montendre.se\/wp-content\/uploads\/2014\/08\/IMG_3228-768x1024.jpg 768w, https:\/\/www.montendre.se\/wp-content\/uploads\/2014\/08\/IMG_3228-700x933.jpg 700w\" sizes=\"(max-width: 225px) 100vw, 225px\" \/><\/a><\/p>\n<p><a href=\"http:\/\/www.montendre.se\/wp-content\/uploads\/2014\/08\/IMG_3229.jpg\"><img loading=\"lazy\" decoding=\"async\" class=\"aligncenter size-medium wp-image-1359\" title=\"IMG_3229\" src=\"http:\/\/www.montendre.se\/wp-content\/uploads\/2014\/08\/IMG_3229-225x300.jpg\" alt=\"\" width=\"225\" height=\"300\" srcset=\"https:\/\/www.montendre.se\/wp-content\/uploads\/2014\/08\/IMG_3229-225x300.jpg 225w, https:\/\/www.montendre.se\/wp-content\/uploads\/2014\/08\/IMG_3229-768x1024.jpg 768w, https:\/\/www.montendre.se\/wp-content\/uploads\/2014\/08\/IMG_3229-700x933.jpg 700w\" sizes=\"(max-width: 225px) 100vw, 225px\" \/><\/a><\/p>\n<p><a href=\"http:\/\/www.montendre.se\/wp-content\/uploads\/2014\/08\/IMG_3230.jpg\"><img loading=\"lazy\" decoding=\"async\" class=\"aligncenter size-medium wp-image-1360\" title=\"IMG_3230\" src=\"http:\/\/www.montendre.se\/wp-content\/uploads\/2014\/08\/IMG_3230-225x300.jpg\" alt=\"\" width=\"225\" height=\"300\" srcset=\"https:\/\/www.montendre.se\/wp-content\/uploads\/2014\/08\/IMG_3230-225x300.jpg 225w, https:\/\/www.montendre.se\/wp-content\/uploads\/2014\/08\/IMG_3230.jpg 480w\" sizes=\"(max-width: 225px) 100vw, 225px\" \/><\/a><\/p>\n<p>Gl\u00f6mde ta med bild p\u00e5 paprikorna ig\u00e5r. De h\u00e4r ska bli r\u00f6da men g\u00e5r att \u00e4ta som gr\u00f6na ocks\u00e5.<\/p>\n<p><a href=\"http:\/\/www.montendre.se\/wp-content\/uploads\/2014\/08\/IMG_3236.jpg\"><img loading=\"lazy\" decoding=\"async\" class=\"aligncenter size-medium wp-image-1346\" title=\"IMG_3236\" src=\"http:\/\/www.montendre.se\/wp-content\/uploads\/2014\/08\/IMG_3236-300x225.jpg\" alt=\"\" width=\"300\" height=\"225\" srcset=\"https:\/\/www.montendre.se\/wp-content\/uploads\/2014\/08\/IMG_3236-300x225.jpg 300w, https:\/\/www.montendre.se\/wp-content\/uploads\/2014\/08\/IMG_3236-268x200.jpg 268w, https:\/\/www.montendre.se\/wp-content\/uploads\/2014\/08\/IMG_3236.jpg 640w\" sizes=\"(max-width: 300px) 100vw, 300px\" \/><\/a><\/p>\n<p>Tr\u00e4dg\u00e5rdsarbete, b\u00f6rjat klippa tuja med ny elektrisk h\u00e4cksax.<\/p>\n<p><a href=\"http:\/\/www.montendre.se\/wp-content\/uploads\/2014\/08\/IMG_3239.jpg\"><img loading=\"lazy\" decoding=\"async\" class=\"aligncenter size-medium wp-image-1347\" title=\"IMG_3239\" src=\"http:\/\/www.montendre.se\/wp-content\/uploads\/2014\/08\/IMG_3239-300x225.jpg\" alt=\"\" width=\"300\" height=\"225\" srcset=\"https:\/\/www.montendre.se\/wp-content\/uploads\/2014\/08\/IMG_3239-300x225.jpg 300w, https:\/\/www.montendre.se\/wp-content\/uploads\/2014\/08\/IMG_3239-268x200.jpg 268w, https:\/\/www.montendre.se\/wp-content\/uploads\/2014\/08\/IMG_3239.jpg 640w\" sizes=\"(max-width: 300px) 100vw, 300px\" \/><\/a><\/p>\n<p><a href=\"http:\/\/www.montendre.se\/wp-content\/uploads\/2014\/08\/IMG_3240.jpg\"><img loading=\"lazy\" decoding=\"async\" class=\"aligncenter size-medium wp-image-1348\" title=\"IMG_3240\" src=\"http:\/\/www.montendre.se\/wp-content\/uploads\/2014\/08\/IMG_3240-300x225.jpg\" alt=\"\" width=\"300\" height=\"225\" srcset=\"https:\/\/www.montendre.se\/wp-content\/uploads\/2014\/08\/IMG_3240-300x225.jpg 300w, https:\/\/www.montendre.se\/wp-content\/uploads\/2014\/08\/IMG_3240-268x200.jpg 268w, https:\/\/www.montendre.se\/wp-content\/uploads\/2014\/08\/IMG_3240.jpg 640w\" sizes=\"(max-width: 300px) 100vw, 300px\" \/><\/a><\/p>\n<p>Tagit bort br\u00e4nn\u00e4sslor, klippt gr\u00e4s, tagit bort ogr\u00e4s i rabatterna. F\u00f6re:<\/p>\n<p><a href=\"http:\/\/www.montendre.se\/wp-content\/uploads\/2014\/08\/IMG_3237.jpg\"><img loading=\"lazy\" decoding=\"async\" class=\"aligncenter size-medium wp-image-1349\" title=\"IMG_3237\" src=\"http:\/\/www.montendre.se\/wp-content\/uploads\/2014\/08\/IMG_3237-225x300.jpg\" alt=\"\" width=\"225\" height=\"300\" srcset=\"https:\/\/www.montendre.se\/wp-content\/uploads\/2014\/08\/IMG_3237-225x300.jpg 225w, https:\/\/www.montendre.se\/wp-content\/uploads\/2014\/08\/IMG_3237.jpg 480w\" sizes=\"(max-width: 225px) 100vw, 225px\" \/><\/a><\/p>\n<p>Efter:<\/p>\n<p><a href=\"http:\/\/www.montendre.se\/wp-content\/uploads\/2014\/08\/IMG_3238.jpg\"><img loading=\"lazy\" decoding=\"async\" class=\"aligncenter size-medium wp-image-1350\" title=\"IMG_3238\" src=\"http:\/\/www.montendre.se\/wp-content\/uploads\/2014\/08\/IMG_3238-225x300.jpg\" alt=\"\" width=\"225\" height=\"300\" srcset=\"https:\/\/www.montendre.se\/wp-content\/uploads\/2014\/08\/IMG_3238-225x300.jpg 225w, https:\/\/www.montendre.se\/wp-content\/uploads\/2014\/08\/IMG_3238.jpg 480w\" sizes=\"(max-width: 225px) 100vw, 225px\" \/><\/a><\/p>\n<p>K\u00e4kade middag i Jonzac p\u00e5 Comptoir du March\u00e9.<\/p>\n","protected":false},"excerpt":{"rendered":"<p>Kyligt p\u00e5 morgonen, 15 grader och ingen sol. Frukost i k\u00f6ket. Senare under dagen blev det upp mot 25 grader. Sol i princip hela dagen. M\u00e5lat ett f\u00f6rsta lager p\u00e5 f\u00f6nstret jag fixade i juni. F\u00f6re: \u00a0Efter: M\u00e5lade \u00e4ven om f\u00f6nstret jag fixade f\u00f6rra sommaren (bara grundf\u00e4rg). N\u00e5gra v\u00e4xtfr\u00e5gor: vad &#8230;<\/p>\n","protected":false},"author":1,"featured_media":0,"comment_status":"open","ping_status":"open","sticky":false,"template":"","format":"standard","meta":{"jetpack_post_was_ever_published":false,"_jetpack_newsletter_access":"","_jetpack_dont_email_post_to_subs":false,"_jetpack_newsletter_tier_id":0,"footnotes":""},"categories":[24],"tags":[],"jetpack_sharing_enabled":true,"jetpack_featured_media_url":"","_links":{"self":[{"href":"https:\/\/www.montendre.se\/index.php?rest_route=\/wp\/v2\/posts\/1339"}],"collection":[{"href":"https:\/\/www.montendre.se\/index.php?rest_route=\/wp\/v2\/posts"}],"about":[{"href":"https:\/\/www.montendre.se\/index.php?rest_route=\/wp\/v2\/types\/post"}],"author":[{"embeddable":true,"href":"https:\/\/www.montendre.se\/index.php?rest_route=\/wp\/v2\/users\/1"}],"replies":[{"embeddable":true,"href":"https:\/\/www.montendre.se\/index.php?rest_route=%2Fwp%2Fv2%2Fcomments&post=1339"}],"version-history":[{"count":8,"href":"https:\/\/www.montendre.se\/index.php?rest_route=\/wp\/v2\/posts\/1339\/revisions"}],"predecessor-version":[{"id":1369,"href":"https:\/\/www.montendre.se\/index.php?rest_route=\/wp\/v2\/posts\/1339\/revisions\/1369"}],"wp:attachment":[{"href":"https:\/\/www.montendre.se\/index.php?rest_route=%2Fwp%2Fv2%2Fmedia&parent=1339"}],"wp:term":[{"taxonomy":"category","embeddable":true,"href":"https:\/\/www.montendre.se\/index.php?rest_route=%2Fwp%2Fv2%2Fcategories&post=1339"},{"taxonomy":"post_tag","embeddable":true,"href":"https:\/\/www.montendre.se\/index.php?rest_route=%2Fwp%2Fv2%2Ftags&post=1339"}],"curies":[{"name":"wp","href":"https:\/\/api.w.org\/{rel}","templated":true}]}}