{"id":1263,"date":"2014-06-25T09:00:45","date_gmt":"2014-06-25T07:00:45","guid":{"rendered":"http:\/\/www.montendre.se\/?p=1263"},"modified":"2014-06-26T09:01:34","modified_gmt":"2014-06-26T07:01:34","slug":"25-juni-2014","status":"publish","type":"post","link":"https:\/\/www.montendre.se\/?p=1263","title":{"rendered":"25 Juni 2014"},"content":{"rendered":"<p>Soligt hela dagen, runt 27-28 grader.<\/p>\n<p>Heldagsutflykt till Arcachon-bukten och Cap-Ferret. K\u00e4kade lunch p\u00e5 l&#8217;Escale i Cap-Ferret.<\/p>\n<p>L\u00e5gvatten i Arcachon-bukten.<\/p>\n<p><a href=\"http:\/\/www.montendre.se\/wp-content\/uploads\/2014\/06\/IMG_3102.jpg\"><img loading=\"lazy\" decoding=\"async\" class=\"aligncenter size-medium wp-image-1264\" title=\"IMG_3102\" src=\"http:\/\/www.montendre.se\/wp-content\/uploads\/2014\/06\/IMG_3102-300x225.jpg\" alt=\"\" width=\"300\" height=\"225\" srcset=\"https:\/\/www.montendre.se\/wp-content\/uploads\/2014\/06\/IMG_3102-300x225.jpg 300w, https:\/\/www.montendre.se\/wp-content\/uploads\/2014\/06\/IMG_3102-268x200.jpg 268w, https:\/\/www.montendre.se\/wp-content\/uploads\/2014\/06\/IMG_3102.jpg 640w\" sizes=\"(max-width: 300px) 100vw, 300px\" \/><\/a><\/p>\n<p>Bad i Arcachon-bukten vid Cap-Ferret.<\/p>\n<p><a href=\"http:\/\/www.montendre.se\/wp-content\/uploads\/2014\/06\/IMG_3109.jpg\"><img loading=\"lazy\" decoding=\"async\" class=\"aligncenter size-medium wp-image-1265\" title=\"IMG_3109\" src=\"http:\/\/www.montendre.se\/wp-content\/uploads\/2014\/06\/IMG_3109-300x225.jpg\" alt=\"\" width=\"300\" height=\"225\" srcset=\"https:\/\/www.montendre.se\/wp-content\/uploads\/2014\/06\/IMG_3109-300x225.jpg 300w, https:\/\/www.montendre.se\/wp-content\/uploads\/2014\/06\/IMG_3109-268x200.jpg 268w, https:\/\/www.montendre.se\/wp-content\/uploads\/2014\/06\/IMG_3109.jpg 640w\" sizes=\"(max-width: 300px) 100vw, 300px\" \/><\/a><\/p>\n<p>Utsidan mot Atlanten vid Cap-Ferret.<\/p>\n<p><a href=\"http:\/\/www.montendre.se\/wp-content\/uploads\/2014\/06\/IMG_3112.jpg\"><img loading=\"lazy\" decoding=\"async\" class=\"aligncenter size-medium wp-image-1266\" title=\"IMG_3112\" src=\"http:\/\/www.montendre.se\/wp-content\/uploads\/2014\/06\/IMG_3112-300x225.jpg\" alt=\"\" width=\"300\" height=\"225\" srcset=\"https:\/\/www.montendre.se\/wp-content\/uploads\/2014\/06\/IMG_3112-300x225.jpg 300w, https:\/\/www.montendre.se\/wp-content\/uploads\/2014\/06\/IMG_3112-268x200.jpg 268w, https:\/\/www.montendre.se\/wp-content\/uploads\/2014\/06\/IMG_3112.jpg 640w\" sizes=\"(max-width: 300px) 100vw, 300px\" \/><\/a><\/p>\n","protected":false},"excerpt":{"rendered":"<p>Soligt hela dagen, runt 27-28 grader. Heldagsutflykt till Arcachon-bukten och Cap-Ferret. K\u00e4kade lunch p\u00e5 l&#8217;Escale i Cap-Ferret. L\u00e5gvatten i Arcachon-bukten. Bad i Arcachon-bukten vid Cap-Ferret. Utsidan mot Atlanten vid Cap-Ferret.<\/p>\n","protected":false},"author":1,"featured_media":0,"comment_status":"open","ping_status":"open","sticky":false,"template":"","format":"standard","meta":{"jetpack_post_was_ever_published":false,"_jetpack_newsletter_access":"","_jetpack_dont_email_post_to_subs":false,"_jetpack_newsletter_tier_id":0,"footnotes":""},"categories":[23],"tags":[],"jetpack_sharing_enabled":true,"jetpack_featured_media_url":"","_links":{"self":[{"href":"https:\/\/www.montendre.se\/index.php?rest_route=\/wp\/v2\/posts\/1263"}],"collection":[{"href":"https:\/\/www.montendre.se\/index.php?rest_route=\/wp\/v2\/posts"}],"about":[{"href":"https:\/\/www.montendre.se\/index.php?rest_route=\/wp\/v2\/types\/post"}],"author":[{"embeddable":true,"href":"https:\/\/www.montendre.se\/index.php?rest_route=\/wp\/v2\/users\/1"}],"replies":[{"embeddable":true,"href":"https:\/\/www.montendre.se\/index.php?rest_route=%2Fwp%2Fv2%2Fcomments&post=1263"}],"version-history":[{"count":4,"href":"https:\/\/www.montendre.se\/index.php?rest_route=\/wp\/v2\/posts\/1263\/revisions"}],"predecessor-version":[{"id":1270,"href":"https:\/\/www.montendre.se\/index.php?rest_route=\/wp\/v2\/posts\/1263\/revisions\/1270"}],"wp:attachment":[{"href":"https:\/\/www.montendre.se\/index.php?rest_route=%2Fwp%2Fv2%2Fmedia&parent=1263"}],"wp:term":[{"taxonomy":"category","embeddable":true,"href":"https:\/\/www.montendre.se\/index.php?rest_route=%2Fwp%2Fv2%2Fcategories&post=1263"},{"taxonomy":"post_tag","embeddable":true,"href":"https:\/\/www.montendre.se\/index.php?rest_route=%2Fwp%2Fv2%2Ftags&post=1263"}],"curies":[{"name":"wp","href":"https:\/\/api.w.org\/{rel}","templated":true}]}}