{"id":1247,"date":"2014-06-23T08:37:41","date_gmt":"2014-06-23T06:37:41","guid":{"rendered":"http:\/\/www.montendre.se\/?p=1247"},"modified":"2014-06-24T08:40:37","modified_gmt":"2014-06-24T06:40:37","slug":"23-juni-2014","status":"publish","type":"post","link":"https:\/\/www.montendre.se\/?p=1247","title":{"rendered":"23 Juni 2014"},"content":{"rendered":"<p>Ov\u00e4der i natt. Blixt och dunder och \u00f6sregn. En riktig rotbl\u00f6ta. Regnat in en del.<\/p>\n<p>Och ov\u00e4der, det kallar vi det bara n\u00e4r regnet\/haglet sl\u00e5r s\u00f6nder plasttak. Annars kallas det f\u00f6r att daggen l\u00e4gger sig.<\/p>\n<div><a href=\"http:\/\/www.montendre.se\/wp-content\/uploads\/2014\/06\/IMG_3097.jpg\"><img loading=\"lazy\" decoding=\"async\" class=\"aligncenter size-medium wp-image-1249\" title=\"IMG_3097\" src=\"http:\/\/www.montendre.se\/wp-content\/uploads\/2014\/06\/IMG_3097-300x225.jpg\" alt=\"\" width=\"300\" height=\"225\" srcset=\"https:\/\/www.montendre.se\/wp-content\/uploads\/2014\/06\/IMG_3097-300x225.jpg 300w, https:\/\/www.montendre.se\/wp-content\/uploads\/2014\/06\/IMG_3097-268x200.jpg 268w, https:\/\/www.montendre.se\/wp-content\/uploads\/2014\/06\/IMG_3097.jpg 640w\" sizes=\"(max-width: 300px) 100vw, 300px\" \/><\/a><\/div>\n<div>Lac du Nord har vi d\u00f6pt v\u00e5r egna lilla sj\u00f6 till.<\/div>\n<div><a href=\"http:\/\/www.montendre.se\/wp-content\/uploads\/2014\/06\/IMG_3096.jpg\"><img loading=\"lazy\" decoding=\"async\" class=\"aligncenter size-medium wp-image-1250\" title=\"IMG_3096\" src=\"http:\/\/www.montendre.se\/wp-content\/uploads\/2014\/06\/IMG_3096-300x225.jpg\" alt=\"\" width=\"300\" height=\"225\" srcset=\"https:\/\/www.montendre.se\/wp-content\/uploads\/2014\/06\/IMG_3096-300x225.jpg 300w, https:\/\/www.montendre.se\/wp-content\/uploads\/2014\/06\/IMG_3096-268x200.jpg 268w, https:\/\/www.montendre.se\/wp-content\/uploads\/2014\/06\/IMG_3096.jpg 640w\" sizes=\"(max-width: 300px) 100vw, 300px\" \/><\/a><\/div>\n<div>Sol p\u00e5 eftermiddagen, 27 grader.<\/div>\n<div>P\u00e5 kv\u00e4llen kom T&amp;L&amp;E&amp;G och A&amp;C.<\/div>\n<div><\/div>\n","protected":false},"excerpt":{"rendered":"<p>Ov\u00e4der i natt. Blixt och dunder och \u00f6sregn. En riktig rotbl\u00f6ta. Regnat in en del. Och ov\u00e4der, det kallar vi det bara n\u00e4r regnet\/haglet sl\u00e5r s\u00f6nder plasttak. Annars kallas det f\u00f6r att daggen l\u00e4gger sig. Lac du Nord har vi d\u00f6pt v\u00e5r egna lilla sj\u00f6 till. Sol p\u00e5 eftermiddagen, 27 &#8230;<\/p>\n","protected":false},"author":1,"featured_media":0,"comment_status":"open","ping_status":"open","sticky":false,"template":"","format":"standard","meta":{"jetpack_post_was_ever_published":false,"_jetpack_newsletter_access":"","_jetpack_dont_email_post_to_subs":false,"_jetpack_newsletter_tier_id":0,"footnotes":""},"categories":[23],"tags":[],"jetpack_sharing_enabled":true,"jetpack_featured_media_url":"","_links":{"self":[{"href":"https:\/\/www.montendre.se\/index.php?rest_route=\/wp\/v2\/posts\/1247"}],"collection":[{"href":"https:\/\/www.montendre.se\/index.php?rest_route=\/wp\/v2\/posts"}],"about":[{"href":"https:\/\/www.montendre.se\/index.php?rest_route=\/wp\/v2\/types\/post"}],"author":[{"embeddable":true,"href":"https:\/\/www.montendre.se\/index.php?rest_route=\/wp\/v2\/users\/1"}],"replies":[{"embeddable":true,"href":"https:\/\/www.montendre.se\/index.php?rest_route=%2Fwp%2Fv2%2Fcomments&post=1247"}],"version-history":[{"count":6,"href":"https:\/\/www.montendre.se\/index.php?rest_route=\/wp\/v2\/posts\/1247\/revisions"}],"predecessor-version":[{"id":1257,"href":"https:\/\/www.montendre.se\/index.php?rest_route=\/wp\/v2\/posts\/1247\/revisions\/1257"}],"wp:attachment":[{"href":"https:\/\/www.montendre.se\/index.php?rest_route=%2Fwp%2Fv2%2Fmedia&parent=1247"}],"wp:term":[{"taxonomy":"category","embeddable":true,"href":"https:\/\/www.montendre.se\/index.php?rest_route=%2Fwp%2Fv2%2Fcategories&post=1247"},{"taxonomy":"post_tag","embeddable":true,"href":"https:\/\/www.montendre.se\/index.php?rest_route=%2Fwp%2Fv2%2Ftags&post=1247"}],"curies":[{"name":"wp","href":"https:\/\/api.w.org\/{rel}","templated":true}]}}