{"id":1237,"date":"2014-06-22T08:54:36","date_gmt":"2014-06-22T06:54:36","guid":{"rendered":"http:\/\/www.montendre.se\/?p=1237"},"modified":"2014-06-23T08:54:56","modified_gmt":"2014-06-23T06:54:56","slug":"22-juni-2014","status":"publish","type":"post","link":"https:\/\/www.montendre.se\/?p=1237","title":{"rendered":"22 Juni 2014"},"content":{"rendered":"<p>Soligt och varmt idag ocks\u00e5, inte riktigt 33,5 men 33,3. N\u00e4stan vindstilla.<\/p>\n<p>Skrapat lite p\u00e5 f\u00f6nstret och oljat det.<\/p>\n<p><a href=\"http:\/\/www.montendre.se\/wp-content\/uploads\/2014\/06\/IMG_3081.jpg\"><img loading=\"lazy\" decoding=\"async\" class=\"aligncenter size-medium wp-image-1241\" title=\"IMG_3081\" src=\"http:\/\/www.montendre.se\/wp-content\/uploads\/2014\/06\/IMG_3081-225x300.jpg\" alt=\"\" width=\"225\" height=\"300\" srcset=\"https:\/\/www.montendre.se\/wp-content\/uploads\/2014\/06\/IMG_3081-225x300.jpg 225w, https:\/\/www.montendre.se\/wp-content\/uploads\/2014\/06\/IMG_3081.jpg 480w\" sizes=\"(max-width: 225px) 100vw, 225px\" \/><\/a><\/p>\n<p>&nbsp;<\/p>\n<p>Foto fr\u00e5n inflygningen i fredags. Floderna La Dordogne till v\u00e4nster och La Garonne till h\u00f6ger som m\u00f6ts i Gironde-bukten.<\/p>\n<p><a href=\"http:\/\/www.montendre.se\/wp-content\/uploads\/2014\/06\/IMG_3057.jpg\"><img loading=\"lazy\" decoding=\"async\" class=\"aligncenter size-medium wp-image-1238\" title=\"IMG_3057\" src=\"http:\/\/www.montendre.se\/wp-content\/uploads\/2014\/06\/IMG_3057-225x300.jpg\" alt=\"\" width=\"225\" height=\"300\" srcset=\"https:\/\/www.montendre.se\/wp-content\/uploads\/2014\/06\/IMG_3057-225x300.jpg 225w, https:\/\/www.montendre.se\/wp-content\/uploads\/2014\/06\/IMG_3057.jpg 480w\" sizes=\"(max-width: 225px) 100vw, 225px\" \/><\/a><\/p>\n<p>Tagit det r\u00e4tt lugnt i v\u00e4rmen. Klippt lite h\u00e4r och d\u00e4r p\u00e5 buskarna i tr\u00e4dg\u00e5rden.<\/p>\n<p>P\u00e5 kv\u00e4llen tornade det upp sig till ov\u00e4der.<\/p>\n<p><a href=\"http:\/\/www.montendre.se\/wp-content\/uploads\/2014\/06\/IMG_3091.jpg\"><img loading=\"lazy\" decoding=\"async\" class=\"aligncenter size-medium wp-image-1242\" title=\"IMG_3091\" src=\"http:\/\/www.montendre.se\/wp-content\/uploads\/2014\/06\/IMG_3091-300x225.jpg\" alt=\"\" width=\"300\" height=\"225\" srcset=\"https:\/\/www.montendre.se\/wp-content\/uploads\/2014\/06\/IMG_3091-300x225.jpg 300w, https:\/\/www.montendre.se\/wp-content\/uploads\/2014\/06\/IMG_3091-268x200.jpg 268w, https:\/\/www.montendre.se\/wp-content\/uploads\/2014\/06\/IMG_3091.jpg 640w\" sizes=\"(max-width: 300px) 100vw, 300px\" \/><\/a><\/p>\n","protected":false},"excerpt":{"rendered":"<p>Soligt och varmt idag ocks\u00e5, inte riktigt 33,5 men 33,3. N\u00e4stan vindstilla. Skrapat lite p\u00e5 f\u00f6nstret och oljat det. &nbsp; Foto fr\u00e5n inflygningen i fredags. Floderna La Dordogne till v\u00e4nster och La Garonne till h\u00f6ger som m\u00f6ts i Gironde-bukten. Tagit det r\u00e4tt lugnt i v\u00e4rmen. Klippt lite h\u00e4r och d\u00e4r &#8230;<\/p>\n","protected":false},"author":1,"featured_media":0,"comment_status":"open","ping_status":"open","sticky":false,"template":"","format":"standard","meta":{"jetpack_post_was_ever_published":false,"_jetpack_newsletter_access":"","_jetpack_dont_email_post_to_subs":false,"_jetpack_newsletter_tier_id":0,"footnotes":""},"categories":[23],"tags":[],"jetpack_sharing_enabled":true,"jetpack_featured_media_url":"","_links":{"self":[{"href":"https:\/\/www.montendre.se\/index.php?rest_route=\/wp\/v2\/posts\/1237"}],"collection":[{"href":"https:\/\/www.montendre.se\/index.php?rest_route=\/wp\/v2\/posts"}],"about":[{"href":"https:\/\/www.montendre.se\/index.php?rest_route=\/wp\/v2\/types\/post"}],"author":[{"embeddable":true,"href":"https:\/\/www.montendre.se\/index.php?rest_route=\/wp\/v2\/users\/1"}],"replies":[{"embeddable":true,"href":"https:\/\/www.montendre.se\/index.php?rest_route=%2Fwp%2Fv2%2Fcomments&post=1237"}],"version-history":[{"count":6,"href":"https:\/\/www.montendre.se\/index.php?rest_route=\/wp\/v2\/posts\/1237\/revisions"}],"predecessor-version":[{"id":1246,"href":"https:\/\/www.montendre.se\/index.php?rest_route=\/wp\/v2\/posts\/1237\/revisions\/1246"}],"wp:attachment":[{"href":"https:\/\/www.montendre.se\/index.php?rest_route=%2Fwp%2Fv2%2Fmedia&parent=1237"}],"wp:term":[{"taxonomy":"category","embeddable":true,"href":"https:\/\/www.montendre.se\/index.php?rest_route=%2Fwp%2Fv2%2Fcategories&post=1237"},{"taxonomy":"post_tag","embeddable":true,"href":"https:\/\/www.montendre.se\/index.php?rest_route=%2Fwp%2Fv2%2Ftags&post=1237"}],"curies":[{"name":"wp","href":"https:\/\/api.w.org\/{rel}","templated":true}]}}