{"id":1189,"date":"2014-04-26T21:18:18","date_gmt":"2014-04-26T19:18:18","guid":{"rendered":"http:\/\/www.montendre.se\/?p=1189"},"modified":"2014-04-26T21:18:18","modified_gmt":"2014-04-26T19:18:18","slug":"26-april-2014","status":"publish","type":"post","link":"https:\/\/www.montendre.se\/?p=1189","title":{"rendered":"26 April 2014"},"content":{"rendered":"<p>\u00d6rat lite b\u00e4ttre idag, men man f\u00e5r v\u00e4l ta det lite lugnt ett par dagar till.<\/p>\n<p>Planterat en rad purjol\u00f6k och en ny vinranka eftersom en av de gamla hade d\u00f6tt.<\/p>\n<p><a href=\"http:\/\/www.montendre.se\/wp-content\/uploads\/2014\/04\/IMG_2990.jpg\"><img loading=\"lazy\" decoding=\"async\" class=\"aligncenter size-medium wp-image-1190\" title=\"IMG_2990\" src=\"http:\/\/www.montendre.se\/wp-content\/uploads\/2014\/04\/IMG_2990-225x300.jpg\" alt=\"\" width=\"225\" height=\"300\" srcset=\"https:\/\/www.montendre.se\/wp-content\/uploads\/2014\/04\/IMG_2990-225x300.jpg 225w, https:\/\/www.montendre.se\/wp-content\/uploads\/2014\/04\/IMG_2990-768x1024.jpg 768w, https:\/\/www.montendre.se\/wp-content\/uploads\/2014\/04\/IMG_2990-700x933.jpg 700w, https:\/\/www.montendre.se\/wp-content\/uploads\/2014\/04\/IMG_2990.jpg 960w\" sizes=\"(max-width: 225px) 100vw, 225px\" \/><\/a><\/p>\n<p><a href=\"http:\/\/www.montendre.se\/wp-content\/uploads\/2014\/04\/IMG_2993.jpg\"><img loading=\"lazy\" decoding=\"async\" class=\"aligncenter size-medium wp-image-1193\" title=\"IMG_2993\" src=\"http:\/\/www.montendre.se\/wp-content\/uploads\/2014\/04\/IMG_2993-225x300.jpg\" alt=\"\" width=\"225\" height=\"300\" srcset=\"https:\/\/www.montendre.se\/wp-content\/uploads\/2014\/04\/IMG_2993-225x300.jpg 225w, https:\/\/www.montendre.se\/wp-content\/uploads\/2014\/04\/IMG_2993-768x1024.jpg 768w, https:\/\/www.montendre.se\/wp-content\/uploads\/2014\/04\/IMG_2993-700x933.jpg 700w, https:\/\/www.montendre.se\/wp-content\/uploads\/2014\/04\/IMG_2993.jpg 960w\" sizes=\"(max-width: 225px) 100vw, 225px\" \/><\/a><\/p>\n<p>Ls planteringar ig\u00e5r l\u00e4ngs med &#8221;stigen&#8221;. N\u00e5gra skuggt\u00e5liga v\u00e4xter.<\/p>\n<p><a href=\"http:\/\/www.montendre.se\/wp-content\/uploads\/2014\/04\/IMG_2991.jpg\"><img loading=\"lazy\" decoding=\"async\" class=\"aligncenter size-medium wp-image-1191\" title=\"IMG_2991\" src=\"http:\/\/www.montendre.se\/wp-content\/uploads\/2014\/04\/IMG_2991-300x225.jpg\" alt=\"\" width=\"300\" height=\"225\" srcset=\"https:\/\/www.montendre.se\/wp-content\/uploads\/2014\/04\/IMG_2991-300x225.jpg 300w, https:\/\/www.montendre.se\/wp-content\/uploads\/2014\/04\/IMG_2991-1024x768.jpg 1024w, https:\/\/www.montendre.se\/wp-content\/uploads\/2014\/04\/IMG_2991-268x200.jpg 268w, https:\/\/www.montendre.se\/wp-content\/uploads\/2014\/04\/IMG_2991-700x525.jpg 700w, https:\/\/www.montendre.se\/wp-content\/uploads\/2014\/04\/IMG_2991.jpg 1280w\" sizes=\"(max-width: 300px) 100vw, 300px\" \/><\/a><\/p>\n<p>Jag har klippt lite gr\u00e4s igen och borrat upp ett par stubbar. Ska se om man kan snabba p\u00e5 naturens nedbrytning av stubbarna med ett g\u00e4ng rej\u00e4la h\u00e5l.<\/p>\n<p>L har b\u00f6rjat rensat runt fikontr\u00e4det.<\/p>\n<p>R\u00e4tt bra v\u00e4der p\u00e5 sena eftermiddagen, mest sol men lite bl\u00e5sigt. Drygt 18 grader p\u00e5 eftermiddagen, n\u00e5gra regnskurar p\u00e5 f\u00f6rmiddagen.<\/p>\n","protected":false},"excerpt":{"rendered":"<p>\u00d6rat lite b\u00e4ttre idag, men man f\u00e5r v\u00e4l ta det lite lugnt ett par dagar till. Planterat en rad purjol\u00f6k och en ny vinranka eftersom en av de gamla hade d\u00f6tt. Ls planteringar ig\u00e5r l\u00e4ngs med &#8221;stigen&#8221;. N\u00e5gra skuggt\u00e5liga v\u00e4xter. Jag har klippt lite gr\u00e4s igen och borrat upp ett &#8230;<\/p>\n","protected":false},"author":1,"featured_media":0,"comment_status":"open","ping_status":"open","sticky":false,"template":"","format":"standard","meta":{"jetpack_post_was_ever_published":false,"_jetpack_newsletter_access":"","_jetpack_dont_email_post_to_subs":false,"_jetpack_newsletter_tier_id":0,"footnotes":""},"categories":[22],"tags":[],"jetpack_sharing_enabled":true,"jetpack_featured_media_url":"","_links":{"self":[{"href":"https:\/\/www.montendre.se\/index.php?rest_route=\/wp\/v2\/posts\/1189"}],"collection":[{"href":"https:\/\/www.montendre.se\/index.php?rest_route=\/wp\/v2\/posts"}],"about":[{"href":"https:\/\/www.montendre.se\/index.php?rest_route=\/wp\/v2\/types\/post"}],"author":[{"embeddable":true,"href":"https:\/\/www.montendre.se\/index.php?rest_route=\/wp\/v2\/users\/1"}],"replies":[{"embeddable":true,"href":"https:\/\/www.montendre.se\/index.php?rest_route=%2Fwp%2Fv2%2Fcomments&post=1189"}],"version-history":[{"count":6,"href":"https:\/\/www.montendre.se\/index.php?rest_route=\/wp\/v2\/posts\/1189\/revisions"}],"predecessor-version":[{"id":1198,"href":"https:\/\/www.montendre.se\/index.php?rest_route=\/wp\/v2\/posts\/1189\/revisions\/1198"}],"wp:attachment":[{"href":"https:\/\/www.montendre.se\/index.php?rest_route=%2Fwp%2Fv2%2Fmedia&parent=1189"}],"wp:term":[{"taxonomy":"category","embeddable":true,"href":"https:\/\/www.montendre.se\/index.php?rest_route=%2Fwp%2Fv2%2Fcategories&post=1189"},{"taxonomy":"post_tag","embeddable":true,"href":"https:\/\/www.montendre.se\/index.php?rest_route=%2Fwp%2Fv2%2Ftags&post=1189"}],"curies":[{"name":"wp","href":"https:\/\/api.w.org\/{rel}","templated":true}]}}