{"id":1139,"date":"2014-04-22T11:16:41","date_gmt":"2014-04-22T09:16:41","guid":{"rendered":"http:\/\/www.montendre.se\/?p=1139"},"modified":"2014-04-22T18:16:59","modified_gmt":"2014-04-22T16:16:59","slug":"21-april-2014","status":"publish","type":"post","link":"https:\/\/www.montendre.se\/?p=1139","title":{"rendered":"21 April 2014"},"content":{"rendered":"<p>Lite ont i halsen idag. \u00c5kte p\u00e5 loppmarknad i grannbyn Pommier-Moulouns. K\u00f6pte 2 tavlor och en spegel.<\/p>\n<p><a href=\"http:\/\/www.montendre.se\/wp-content\/uploads\/2014\/04\/IMG_2967.jpg\"><img loading=\"lazy\" decoding=\"async\" class=\"aligncenter size-medium wp-image-1149\" title=\"IMG_2967\" src=\"http:\/\/www.montendre.se\/wp-content\/uploads\/2014\/04\/IMG_2967-300x225.jpg\" alt=\"\" width=\"300\" height=\"225\" srcset=\"https:\/\/www.montendre.se\/wp-content\/uploads\/2014\/04\/IMG_2967-300x225.jpg 300w, https:\/\/www.montendre.se\/wp-content\/uploads\/2014\/04\/IMG_2967-1024x768.jpg 1024w, https:\/\/www.montendre.se\/wp-content\/uploads\/2014\/04\/IMG_2967-268x200.jpg 268w, https:\/\/www.montendre.se\/wp-content\/uploads\/2014\/04\/IMG_2967-700x525.jpg 700w\" sizes=\"(max-width: 300px) 100vw, 300px\" \/><\/a><\/p>\n<p><a href=\"http:\/\/www.montendre.se\/wp-content\/uploads\/2014\/04\/IMG_2968.jpg\"><img loading=\"lazy\" decoding=\"async\" class=\"aligncenter size-medium wp-image-1150\" title=\"IMG_2968\" src=\"http:\/\/www.montendre.se\/wp-content\/uploads\/2014\/04\/IMG_2968-300x225.jpg\" alt=\"\" width=\"300\" height=\"225\" srcset=\"https:\/\/www.montendre.se\/wp-content\/uploads\/2014\/04\/IMG_2968-300x225.jpg 300w, https:\/\/www.montendre.se\/wp-content\/uploads\/2014\/04\/IMG_2968-1024x768.jpg 1024w, https:\/\/www.montendre.se\/wp-content\/uploads\/2014\/04\/IMG_2968-268x200.jpg 268w, https:\/\/www.montendre.se\/wp-content\/uploads\/2014\/04\/IMG_2968-700x525.jpg 700w\" sizes=\"(max-width: 300px) 100vw, 300px\" \/><\/a><\/p>\n<p>R\u00e4tt bra v\u00e4der, 22-23 grader som mest. Lite sol d\u00e5 och d\u00e5. Inget regn. Frukost, lunch och middag utomhus.<\/p>\n<p>Fixade i tr\u00e4dg\u00e5rden p\u00e5 eftermiddagen. Klippte lite gr\u00e4s.\u00a0Planterade tomater, sallad och paprika.<\/p>\n<p><a href=\"http:\/\/www.montendre.se\/wp-content\/uploads\/2014\/04\/IMG_2957.jpg\"><img loading=\"lazy\" decoding=\"async\" class=\"aligncenter size-medium wp-image-1143\" title=\"IMG_2957\" src=\"http:\/\/www.montendre.se\/wp-content\/uploads\/2014\/04\/IMG_2957-300x225.jpg\" alt=\"\" width=\"300\" height=\"225\" srcset=\"https:\/\/www.montendre.se\/wp-content\/uploads\/2014\/04\/IMG_2957-300x225.jpg 300w, https:\/\/www.montendre.se\/wp-content\/uploads\/2014\/04\/IMG_2957-1024x768.jpg 1024w, https:\/\/www.montendre.se\/wp-content\/uploads\/2014\/04\/IMG_2957-268x200.jpg 268w, https:\/\/www.montendre.se\/wp-content\/uploads\/2014\/04\/IMG_2957-700x525.jpg 700w\" sizes=\"(max-width: 300px) 100vw, 300px\" \/><\/a><\/p>\n<p>Och en vinb\u00e4rsbuske.<\/p>\n<p><a href=\"http:\/\/www.montendre.se\/wp-content\/uploads\/2014\/04\/IMG_2966.jpg\"><img loading=\"lazy\" decoding=\"async\" class=\"aligncenter size-medium wp-image-1144\" title=\"IMG_2966\" src=\"http:\/\/www.montendre.se\/wp-content\/uploads\/2014\/04\/IMG_2966-300x225.jpg\" alt=\"\" width=\"300\" height=\"225\" srcset=\"https:\/\/www.montendre.se\/wp-content\/uploads\/2014\/04\/IMG_2966-300x225.jpg 300w, https:\/\/www.montendre.se\/wp-content\/uploads\/2014\/04\/IMG_2966-1024x768.jpg 1024w, https:\/\/www.montendre.se\/wp-content\/uploads\/2014\/04\/IMG_2966-268x200.jpg 268w, https:\/\/www.montendre.se\/wp-content\/uploads\/2014\/04\/IMG_2966-700x525.jpg 700w, https:\/\/www.montendre.se\/wp-content\/uploads\/2014\/04\/IMG_2966.jpg 1280w\" sizes=\"(max-width: 300px) 100vw, 300px\" \/><\/a><\/p>\n","protected":false},"excerpt":{"rendered":"<p>Lite ont i halsen idag. \u00c5kte p\u00e5 loppmarknad i grannbyn Pommier-Moulouns. K\u00f6pte 2 tavlor och en spegel. R\u00e4tt bra v\u00e4der, 22-23 grader som mest. Lite sol d\u00e5 och d\u00e5. Inget regn. Frukost, lunch och middag utomhus. Fixade i tr\u00e4dg\u00e5rden p\u00e5 eftermiddagen. Klippte lite gr\u00e4s.\u00a0Planterade tomater, sallad och paprika. Och en &#8230;<\/p>\n","protected":false},"author":1,"featured_media":0,"comment_status":"open","ping_status":"open","sticky":false,"template":"","format":"standard","meta":{"jetpack_post_was_ever_published":false,"_jetpack_newsletter_access":"","_jetpack_dont_email_post_to_subs":false,"_jetpack_newsletter_tier_id":0,"footnotes":""},"categories":[22],"tags":[],"jetpack_sharing_enabled":true,"jetpack_featured_media_url":"","_links":{"self":[{"href":"https:\/\/www.montendre.se\/index.php?rest_route=\/wp\/v2\/posts\/1139"}],"collection":[{"href":"https:\/\/www.montendre.se\/index.php?rest_route=\/wp\/v2\/posts"}],"about":[{"href":"https:\/\/www.montendre.se\/index.php?rest_route=\/wp\/v2\/types\/post"}],"author":[{"embeddable":true,"href":"https:\/\/www.montendre.se\/index.php?rest_route=\/wp\/v2\/users\/1"}],"replies":[{"embeddable":true,"href":"https:\/\/www.montendre.se\/index.php?rest_route=%2Fwp%2Fv2%2Fcomments&post=1139"}],"version-history":[{"count":5,"href":"https:\/\/www.montendre.se\/index.php?rest_route=\/wp\/v2\/posts\/1139\/revisions"}],"predecessor-version":[{"id":1151,"href":"https:\/\/www.montendre.se\/index.php?rest_route=\/wp\/v2\/posts\/1139\/revisions\/1151"}],"wp:attachment":[{"href":"https:\/\/www.montendre.se\/index.php?rest_route=%2Fwp%2Fv2%2Fmedia&parent=1139"}],"wp:term":[{"taxonomy":"category","embeddable":true,"href":"https:\/\/www.montendre.se\/index.php?rest_route=%2Fwp%2Fv2%2Fcategories&post=1139"},{"taxonomy":"post_tag","embeddable":true,"href":"https:\/\/www.montendre.se\/index.php?rest_route=%2Fwp%2Fv2%2Ftags&post=1139"}],"curies":[{"name":"wp","href":"https:\/\/api.w.org\/{rel}","templated":true}]}}