{"id":1086,"date":"2014-02-22T08:43:59","date_gmt":"2014-02-22T07:43:59","guid":{"rendered":"http:\/\/www.montendre.se\/?p=1086"},"modified":"2014-02-22T08:43:59","modified_gmt":"2014-02-22T07:43:59","slug":"21-februari-2014","status":"publish","type":"post","link":"https:\/\/www.montendre.se\/?p=1086","title":{"rendered":"21 februari 2014"},"content":{"rendered":"<p>Regn och sol om vartannat. Sjysst regnb\u00e5ge n\u00e4r vi var p\u00e5 soptippen:<\/p>\n<p><a href=\"http:\/\/www.montendre.se\/wp-content\/uploads\/2014\/02\/IMG_2907.jpg\"><img loading=\"lazy\" decoding=\"async\" class=\"aligncenter size-medium wp-image-1089\" title=\"IMG_2907\" src=\"http:\/\/www.montendre.se\/wp-content\/uploads\/2014\/02\/IMG_2907-300x225.jpg\" alt=\"\" width=\"300\" height=\"225\" srcset=\"https:\/\/www.montendre.se\/wp-content\/uploads\/2014\/02\/IMG_2907-300x225.jpg 300w, https:\/\/www.montendre.se\/wp-content\/uploads\/2014\/02\/IMG_2907-1024x768.jpg 1024w, https:\/\/www.montendre.se\/wp-content\/uploads\/2014\/02\/IMG_2907-268x200.jpg 268w, https:\/\/www.montendre.se\/wp-content\/uploads\/2014\/02\/IMG_2907-700x525.jpg 700w\" sizes=\"(max-width: 300px) 100vw, 300px\" \/><\/a><\/p>\n<p>Hade klippt lite p\u00e5 tujah\u00e4cken och hyrde sk\u00e5pbil och k\u00f6rde iv\u00e4g 7 kubik tuja.<\/p>\n<div><\/div>\n<p>Fixat med hallampor (snart klart!) och spacklat i trappen.<\/p>\n<p>En iris k\u00e4mpar p\u00e5 i tr\u00e4dg\u00e5rden.<\/p>\n<p><a href=\"http:\/\/www.montendre.se\/wp-content\/uploads\/2014\/02\/IMG_2906.jpg\"><img loading=\"lazy\" decoding=\"async\" class=\"aligncenter size-medium wp-image-1090\" title=\"IMG_2906\" src=\"http:\/\/www.montendre.se\/wp-content\/uploads\/2014\/02\/IMG_2906-225x300.jpg\" alt=\"\" width=\"225\" height=\"300\" srcset=\"https:\/\/www.montendre.se\/wp-content\/uploads\/2014\/02\/IMG_2906-225x300.jpg 225w, https:\/\/www.montendre.se\/wp-content\/uploads\/2014\/02\/IMG_2906-768x1024.jpg 768w, https:\/\/www.montendre.se\/wp-content\/uploads\/2014\/02\/IMG_2906-700x933.jpg 700w\" sizes=\"(max-width: 225px) 100vw, 225px\" \/><\/a><\/p>\n","protected":false},"excerpt":{"rendered":"<p>Regn och sol om vartannat. Sjysst regnb\u00e5ge n\u00e4r vi var p\u00e5 soptippen: Hade klippt lite p\u00e5 tujah\u00e4cken och hyrde sk\u00e5pbil och k\u00f6rde iv\u00e4g 7 kubik tuja. Fixat med hallampor (snart klart!) och spacklat i trappen. En iris k\u00e4mpar p\u00e5 i tr\u00e4dg\u00e5rden.<\/p>\n","protected":false},"author":1,"featured_media":0,"comment_status":"open","ping_status":"open","sticky":false,"template":"","format":"standard","meta":{"jetpack_post_was_ever_published":false,"_jetpack_newsletter_access":"","_jetpack_dont_email_post_to_subs":false,"_jetpack_newsletter_tier_id":0,"footnotes":""},"categories":[21],"tags":[],"jetpack_sharing_enabled":true,"jetpack_featured_media_url":"","_links":{"self":[{"href":"https:\/\/www.montendre.se\/index.php?rest_route=\/wp\/v2\/posts\/1086"}],"collection":[{"href":"https:\/\/www.montendre.se\/index.php?rest_route=\/wp\/v2\/posts"}],"about":[{"href":"https:\/\/www.montendre.se\/index.php?rest_route=\/wp\/v2\/types\/post"}],"author":[{"embeddable":true,"href":"https:\/\/www.montendre.se\/index.php?rest_route=\/wp\/v2\/users\/1"}],"replies":[{"embeddable":true,"href":"https:\/\/www.montendre.se\/index.php?rest_route=%2Fwp%2Fv2%2Fcomments&post=1086"}],"version-history":[{"count":4,"href":"https:\/\/www.montendre.se\/index.php?rest_route=\/wp\/v2\/posts\/1086\/revisions"}],"predecessor-version":[{"id":1092,"href":"https:\/\/www.montendre.se\/index.php?rest_route=\/wp\/v2\/posts\/1086\/revisions\/1092"}],"wp:attachment":[{"href":"https:\/\/www.montendre.se\/index.php?rest_route=%2Fwp%2Fv2%2Fmedia&parent=1086"}],"wp:term":[{"taxonomy":"category","embeddable":true,"href":"https:\/\/www.montendre.se\/index.php?rest_route=%2Fwp%2Fv2%2Fcategories&post=1086"},{"taxonomy":"post_tag","embeddable":true,"href":"https:\/\/www.montendre.se\/index.php?rest_route=%2Fwp%2Fv2%2Ftags&post=1086"}],"curies":[{"name":"wp","href":"https:\/\/api.w.org\/{rel}","templated":true}]}}