{"id":1010,"date":"2013-11-23T07:46:11","date_gmt":"2013-11-23T06:46:11","guid":{"rendered":"http:\/\/www.montendre.se\/?p=1010"},"modified":"2013-11-24T07:46:26","modified_gmt":"2013-11-24T06:46:26","slug":"23-november-2013","status":"publish","type":"post","link":"https:\/\/www.montendre.se\/?p=1010","title":{"rendered":"23 November 2013"},"content":{"rendered":"<p>Gr\u00e5tt v\u00e4der idag, men inget regn. Runt 8 grader som mest.<\/p>\n<p>Fixat i tr\u00e4dg\u00e5rden mest. J\u00e4mnat ut en r\u00e4nna eller &#8221;dike&#8221; i gr\u00e4smattan och klippt p\u00e5 h\u00e4cken. Som vanligt. Vad vore en resa till Montendre utan h\u00e4ckklippning? Alldeles underbar kanske \ud83d\ude42<\/p>\n<p><a href=\"http:\/\/www.montendre.se\/wp-content\/uploads\/2013\/11\/IMG_2832.jpg\"><img loading=\"lazy\" decoding=\"async\" class=\"aligncenter size-medium wp-image-1013\" title=\"IMG_2832\" src=\"http:\/\/www.montendre.se\/wp-content\/uploads\/2013\/11\/IMG_2832-300x225.jpg\" alt=\"\" width=\"300\" height=\"225\" srcset=\"https:\/\/www.montendre.se\/wp-content\/uploads\/2013\/11\/IMG_2832-300x225.jpg 300w, https:\/\/www.montendre.se\/wp-content\/uploads\/2013\/11\/IMG_2832-1024x768.jpg 1024w, https:\/\/www.montendre.se\/wp-content\/uploads\/2013\/11\/IMG_2832-268x200.jpg 268w, https:\/\/www.montendre.se\/wp-content\/uploads\/2013\/11\/IMG_2832-700x525.jpg 700w\" sizes=\"(max-width: 300px) 100vw, 300px\" \/><\/a><\/p>\n<p>L har ocks\u00e5 fixat i tr\u00e4dg\u00e5rden. Ett litet stenparti.<\/p>\n<p><a href=\"http:\/\/www.montendre.se\/wp-content\/uploads\/2013\/11\/IMG_2831.jpg\"><img loading=\"lazy\" decoding=\"async\" class=\"aligncenter size-medium wp-image-1014\" title=\"IMG_2831\" src=\"http:\/\/www.montendre.se\/wp-content\/uploads\/2013\/11\/IMG_2831-300x225.jpg\" alt=\"\" width=\"300\" height=\"225\" srcset=\"https:\/\/www.montendre.se\/wp-content\/uploads\/2013\/11\/IMG_2831-300x225.jpg 300w, https:\/\/www.montendre.se\/wp-content\/uploads\/2013\/11\/IMG_2831-1024x768.jpg 1024w, https:\/\/www.montendre.se\/wp-content\/uploads\/2013\/11\/IMG_2831-268x200.jpg 268w, https:\/\/www.montendre.se\/wp-content\/uploads\/2013\/11\/IMG_2831-700x525.jpg 700w\" sizes=\"(max-width: 300px) 100vw, 300px\" \/><\/a><\/p>\n<p>Och L hittade n\u00e5got skumt stenblock. En gammal grav? \ud83d\ude09<\/p>\n<p><a href=\"http:\/\/www.montendre.se\/wp-content\/uploads\/2013\/11\/IMG_2833.jpg\"><img loading=\"lazy\" decoding=\"async\" class=\"aligncenter size-medium wp-image-1015\" title=\"IMG_2833\" src=\"http:\/\/www.montendre.se\/wp-content\/uploads\/2013\/11\/IMG_2833-300x225.jpg\" alt=\"\" width=\"300\" height=\"225\" srcset=\"https:\/\/www.montendre.se\/wp-content\/uploads\/2013\/11\/IMG_2833-300x225.jpg 300w, https:\/\/www.montendre.se\/wp-content\/uploads\/2013\/11\/IMG_2833-1024x768.jpg 1024w, https:\/\/www.montendre.se\/wp-content\/uploads\/2013\/11\/IMG_2833-268x200.jpg 268w, https:\/\/www.montendre.se\/wp-content\/uploads\/2013\/11\/IMG_2833-700x525.jpg 700w\" sizes=\"(max-width: 300px) 100vw, 300px\" \/><\/a><\/p>\n<p>\u00c4r det Crassus officer Andron som ligger h\u00e4r? Han som skapade Montendre. (Mont d&#8217;Andron = Montendre)<\/p>\n<p>Aperitif hos Georges och Lucette. Bara surrar i skallen efter att man varit d\u00e4r 1 1\/2 timme. S\u00e5 mycket franska p\u00e5 s\u00e5 kort tid. Men funkade r\u00e4tt bra idag. Pratade till och med lite politik.<\/p>\n","protected":false},"excerpt":{"rendered":"<p>Gr\u00e5tt v\u00e4der idag, men inget regn. Runt 8 grader som mest. Fixat i tr\u00e4dg\u00e5rden mest. J\u00e4mnat ut en r\u00e4nna eller &#8221;dike&#8221; i gr\u00e4smattan och klippt p\u00e5 h\u00e4cken. Som vanligt. Vad vore en resa till Montendre utan h\u00e4ckklippning? Alldeles underbar kanske \ud83d\ude42 L har ocks\u00e5 fixat i tr\u00e4dg\u00e5rden. Ett litet stenparti. &#8230;<\/p>\n","protected":false},"author":1,"featured_media":0,"comment_status":"open","ping_status":"open","sticky":false,"template":"","format":"standard","meta":{"jetpack_post_was_ever_published":false,"_jetpack_newsletter_access":"","_jetpack_dont_email_post_to_subs":false,"_jetpack_newsletter_tier_id":0,"footnotes":""},"categories":[20],"tags":[],"jetpack_sharing_enabled":true,"jetpack_featured_media_url":"","_links":{"self":[{"href":"https:\/\/www.montendre.se\/index.php?rest_route=\/wp\/v2\/posts\/1010"}],"collection":[{"href":"https:\/\/www.montendre.se\/index.php?rest_route=\/wp\/v2\/posts"}],"about":[{"href":"https:\/\/www.montendre.se\/index.php?rest_route=\/wp\/v2\/types\/post"}],"author":[{"embeddable":true,"href":"https:\/\/www.montendre.se\/index.php?rest_route=\/wp\/v2\/users\/1"}],"replies":[{"embeddable":true,"href":"https:\/\/www.montendre.se\/index.php?rest_route=%2Fwp%2Fv2%2Fcomments&post=1010"}],"version-history":[{"count":6,"href":"https:\/\/www.montendre.se\/index.php?rest_route=\/wp\/v2\/posts\/1010\/revisions"}],"predecessor-version":[{"id":1019,"href":"https:\/\/www.montendre.se\/index.php?rest_route=\/wp\/v2\/posts\/1010\/revisions\/1019"}],"wp:attachment":[{"href":"https:\/\/www.montendre.se\/index.php?rest_route=%2Fwp%2Fv2%2Fmedia&parent=1010"}],"wp:term":[{"taxonomy":"category","embeddable":true,"href":"https:\/\/www.montendre.se\/index.php?rest_route=%2Fwp%2Fv2%2Fcategories&post=1010"},{"taxonomy":"post_tag","embeddable":true,"href":"https:\/\/www.montendre.se\/index.php?rest_route=%2Fwp%2Fv2%2Ftags&post=1010"}],"curies":[{"name":"wp","href":"https:\/\/api.w.org\/{rel}","templated":true}]}}